{"id":994,"date":"2019-11-12T12:07:07","date_gmt":"2019-11-12T11:07:07","guid":{"rendered":"https:\/\/irla.cat\/casairla\/?p=994"},"modified":"2019-11-15T12:27:36","modified_gmt":"2019-11-15T11:27:36","slug":"recital-i-presentacio-dels-llibres-de-poemes","status":"publish","type":"post","link":"https:\/\/irla.cat\/casairla\/2019\/11\/12\/recital-i-presentacio-dels-llibres-de-poemes\/","title":{"rendered":"Recital i presentaci\u00f3 dels llibres de poemes &#8220;Nihil Obstat&#8221;"},"content":{"rendered":"\n<p>Divendres 15 de novembre a les 19 h presentem &#8220;Nihil Obstat&#8221;, un recital i presentaci\u00f3 dels llibres de poemes d&#8217;Anna Pantinat &#8220;Qui no s&#8217;anomena&#8221;, de Pir\u00f2mana d&#8217;Argos &#8220;Gesto innato, s\u00edntesi d&#8217;una recerca s\u00edsmica&#8221; i Ester Xargay &#8220;Desintegrar-se&#8221;.<\/p>\n<p><strong><img loading=\"lazy\" decoding=\"async\" class=\"size-medium wp-image-995 alignleft\" src=\"https:\/\/irla.cat\/casairla\/wp-content\/uploads\/2019\/11\/Anna-Pantinat-300x200.jpg\" alt=\"\" width=\"300\" height=\"200\" srcset=\"https:\/\/irla.cat\/casairla\/wp-content\/uploads\/2019\/11\/Anna-Pantinat-300x200.jpg 300w, https:\/\/irla.cat\/casairla\/wp-content\/uploads\/2019\/11\/Anna-Pantinat-768x512.jpg 768w, https:\/\/irla.cat\/casairla\/wp-content\/uploads\/2019\/11\/Anna-Pantinat-1024x683.jpg 1024w, https:\/\/irla.cat\/casairla\/wp-content\/uploads\/2019\/11\/Anna-Pantinat-120x80.jpg 120w\" sizes=\"auto, (max-width: 300px) 100vw, 300px\" \/>\u201cQui no s\u2019anomena\u201d d\u2019Anna Pantinat<\/strong><br \/>Qui no s\u2019anomena \u00e9s un poemari que s\u2019interroga sobre la identitat d\u2019una manera radical, entenent que radical ve d\u2019arrel.<\/p>\n<p>Partint de la premissa del volc\u00e0 com a met\u00e0fora d\u2019all\u00f2 no dit ni conegut, transita pels significats de l\u2019individu i la col\u00b7lectivitat des d\u2019una perspectiva on la idea de feminitat m\u00e9s extensa no \u00e9s suficient.<\/p>\n<p><strong><img loading=\"lazy\" decoding=\"async\" class=\"size-medium wp-image-996 alignleft\" src=\"https:\/\/irla.cat\/casairla\/wp-content\/uploads\/2019\/11\/Piro\u0300mana-dArgos-300x240.jpg\" alt=\"\" width=\"300\" height=\"240\" srcset=\"https:\/\/irla.cat\/casairla\/wp-content\/uploads\/2019\/11\/Piro\u0300mana-dArgos-300x240.jpg 300w, https:\/\/irla.cat\/casairla\/wp-content\/uploads\/2019\/11\/Piro\u0300mana-dArgos-768x614.jpg 768w, https:\/\/irla.cat\/casairla\/wp-content\/uploads\/2019\/11\/Piro\u0300mana-dArgos-1024x819.jpg 1024w\" sizes=\"auto, (max-width: 300px) 100vw, 300px\" \/>\u201cGesto Innato, s\u00edntesi d\u2019una recerca s\u00edsmica\u201d de Pir\u00f2mana d\u2019Argos<\/strong><br \/>Les sibil\u00b7les corren endavant amb els ulls tancats i les mans ben obertes. Mans que veuen, ulls que senten, cors lleugerament encongits -per si de cas- (&#8230;)<br \/>Denys Blacker<\/p>\n<p>\u00a0<\/p>\n<p>\u00a0<\/p>\n<p><strong><img loading=\"lazy\" decoding=\"async\" class=\"size-medium wp-image-997 alignleft\" src=\"https:\/\/irla.cat\/casairla\/wp-content\/uploads\/2019\/11\/Ester-Xargay-300x199.jpg\" alt=\"\" width=\"300\" height=\"199\" srcset=\"https:\/\/irla.cat\/casairla\/wp-content\/uploads\/2019\/11\/Ester-Xargay-300x199.jpg 300w, https:\/\/irla.cat\/casairla\/wp-content\/uploads\/2019\/11\/Ester-Xargay-768x510.jpg 768w, https:\/\/irla.cat\/casairla\/wp-content\/uploads\/2019\/11\/Ester-Xargay-1024x680.jpg 1024w, https:\/\/irla.cat\/casairla\/wp-content\/uploads\/2019\/11\/Ester-Xargay-120x80.jpg 120w\" sizes=\"auto, (max-width: 300px) 100vw, 300px\" \/>\u201cDesintegrar-se\u201d d\u2019Ester Xargay<\/strong><br \/>Tot muda de sentit \/ quan surt per la boca \/ i el mot \u00e9s dit\u00bb.<\/p>\n<p>Aquest \u00e9s un dels versos que configuren &#8220;Desintegrar-se&#8221;, el llibre de poemes amb qu\u00e8 la transgressora poeta Ester Xargay ha guanyat el Premi de Poesia Rosa Leveroni \u2013Cadaqu\u00e9s 2018.<\/p>\n<p>A &#8220;Desintegrar-se&#8221; llegim una poesia totalment exempta d\u2019afectaci\u00f3, instintiva, que rebutja la met\u00e0fora m\u00e9s ortodoxa i els feixucs adjectius sense perdre mai de vista la m\u00e0xima segons la qual el llenguatge, per ess\u00e8ncia, sempre \u00e9s metaf\u00f2ric: \u00abcalar foc als dogmes \/ atiar contradiccions \/ arborar teoremes\u00bb.<\/p>\n<p>Aix\u00ed \u00e9s com aviva un extens relat amb paraula molt tibada que agombola la veu. Un llenguatge que crea llenguatge Enric Umbert-Rexach.<\/p>\n<p>Col\u00b7labora la Biblioteca P\u00fablica Octavi Viader i Margarit de Sant Feliu de Gu\u00edxols.<\/p>\n<p>\u00a0<\/p>\n","protected":false},"excerpt":{"rendered":"<p>Divendres 15 de novembre a les 19 h presentem &#8220;Nihil Obstat&#8221;, un recital i presentaci\u00f3 dels llibres de poemes d&#8217;Anna Pantinat, Pir\u00f2mana d&#8217;Argos i Ester Xargay<\/p>\n","protected":false},"author":1,"featured_media":998,"comment_status":"closed","ping_status":"closed","sticky":false,"template":"","format":"standard","meta":{"footnotes":""},"categories":[1],"tags":[],"class_list":["post-994","post","type-post","status-publish","format-standard","has-post-thumbnail","hentry","category-general"],"_links":{"self":[{"href":"https:\/\/irla.cat\/casairla\/wp-json\/wp\/v2\/posts\/994","targetHints":{"allow":["GET"]}}],"collection":[{"href":"https:\/\/irla.cat\/casairla\/wp-json\/wp\/v2\/posts"}],"about":[{"href":"https:\/\/irla.cat\/casairla\/wp-json\/wp\/v2\/types\/post"}],"author":[{"embeddable":true,"href":"https:\/\/irla.cat\/casairla\/wp-json\/wp\/v2\/users\/1"}],"replies":[{"embeddable":true,"href":"https:\/\/irla.cat\/casairla\/wp-json\/wp\/v2\/comments?post=994"}],"version-history":[{"count":4,"href":"https:\/\/irla.cat\/casairla\/wp-json\/wp\/v2\/posts\/994\/revisions"}],"predecessor-version":[{"id":1002,"href":"https:\/\/irla.cat\/casairla\/wp-json\/wp\/v2\/posts\/994\/revisions\/1002"}],"wp:featuredmedia":[{"embeddable":true,"href":"https:\/\/irla.cat\/casairla\/wp-json\/wp\/v2\/media\/998"}],"wp:attachment":[{"href":"https:\/\/irla.cat\/casairla\/wp-json\/wp\/v2\/media?parent=994"}],"wp:term":[{"taxonomy":"category","embeddable":true,"href":"https:\/\/irla.cat\/casairla\/wp-json\/wp\/v2\/categories?post=994"},{"taxonomy":"post_tag","embeddable":true,"href":"https:\/\/irla.cat\/casairla\/wp-json\/wp\/v2\/tags?post=994"}],"curies":[{"name":"wp","href":"https:\/\/api.w.org\/{rel}","templated":true}]}}