{"id":979,"date":"2019-10-21T09:38:24","date_gmt":"2019-10-21T07:38:24","guid":{"rendered":"https:\/\/irla.cat\/casairla\/?p=979"},"modified":"2019-10-21T09:41:19","modified_gmt":"2019-10-21T07:41:19","slug":"dissabte-2-de-novembre-a-les-19h-prsentacio-del-llibre-de-joan-armengue-rafael-ramis-1880-1936-catalanista-republica-i-maco","status":"publish","type":"post","link":"https:\/\/irla.cat\/casairla\/2019\/10\/21\/dissabte-2-de-novembre-a-les-19h-prsentacio-del-llibre-de-joan-armengue-rafael-ramis-1880-1936-catalanista-republica-i-maco\/","title":{"rendered":"Presentaci\u00f3 del llibre &#8220;Rafael Ramis (1880-1936) Catalanista, Republic\u00e0 i Ma\u00e7\u00f3&#8221;"},"content":{"rendered":"\n<div>Dissabte 2 de novembre a les 19 h a la Casa Irla de Sant Feliu de Gu\u00edxols presentem el llibre de Joan Armangu\u00e9 &#8220;Rafael Ramis (1880-1936) Catalanista, Republic\u00e0 i Ma\u00e7\u00f3.<\/div>\n<div>\u00a0<\/div>\n<p><!--more--><\/p>\n<div align=\"left\">Si volgu\u00e9ssim sintetitzar la personalitat i la traject\u00f2ria de Rafael Ramis i Romans <span style=\"font-size: 1rem;\">(Figueres, 1880-1936) en poques paraules, correr\u00edem el risc d\u2019escap\u00e7ar la profunditat <\/span><span style=\"font-size: 1rem;\">i la riquesa de tot el que representa. Ramis ha estat mestre, periodista i activista <\/span><span style=\"font-size: 1rem;\">cultural. Tamb\u00e9 va exercir de pol\u00edtic republic\u00e0: va ser regidor socialista, sindicalista i un gran promotor del catalanisme. <\/span><\/div>\n<div align=\"left\">\u00a0<\/div>\n<div align=\"left\"><span style=\"font-size: 1rem;\">Exiliat a Par\u00eds, durant la dictadura de Primo de Rivera, <\/span><span style=\"font-size: 1rem;\">es convert\u00ed en home de confian\u00e7a de Francesc Maci\u00e0. Finalment, la seva defensa del la\u00efcisme, la llibertat de consci\u00e8ncia i la igualtat de tracte entre les persones, el duria a incorporar-se a la ma\u00e7oneria.<\/span>\n<div>\u00a0<\/div>\n<div>Ramis va ser un home de valors i ideals. Un home que va treballar al servei del republicanisme, del socialisme i del catalanisme, sempre amb la voluntat de construir un pa\u00eds millor i m\u00e9s just. Malgrat tota la feina feta, en els seus tres espais vitals, Figueres, Par\u00eds i Barcelona, la seva figura i la seva obra han caigut en l\u2019oblit i, d\u2019alguna manera, aquest llibre vol contribuir a recuperar i divulgar la seva traject\u00f2ria i ajudar a<\/div>\n<div>completar algun dels buits que, per desgr\u00e0cia, encara presenten els relats sobre la <span style=\"font-size: 1rem;\">hist\u00f2ria recent del nostre Pa\u00eds.<\/span><\/div>\n<\/div>\n","protected":false},"excerpt":{"rendered":"<p>Dissabte 2 de novembre a les 19 h a la Casa Irla de Sant Feliu de Gu\u00edxols presentem el llibre de Joan Armangu\u00e9 &#8220;Rafael Ramis (1880-1936) Catalanista, Republic\u00e0 i Ma\u00e7\u00f3.<\/p>\n","protected":false},"author":1,"featured_media":984,"comment_status":"closed","ping_status":"closed","sticky":false,"template":"","format":"standard","meta":{"footnotes":""},"categories":[1],"tags":[],"class_list":["post-979","post","type-post","status-publish","format-standard","has-post-thumbnail","hentry","category-general"],"_links":{"self":[{"href":"https:\/\/irla.cat\/casairla\/wp-json\/wp\/v2\/posts\/979","targetHints":{"allow":["GET"]}}],"collection":[{"href":"https:\/\/irla.cat\/casairla\/wp-json\/wp\/v2\/posts"}],"about":[{"href":"https:\/\/irla.cat\/casairla\/wp-json\/wp\/v2\/types\/post"}],"author":[{"embeddable":true,"href":"https:\/\/irla.cat\/casairla\/wp-json\/wp\/v2\/users\/1"}],"replies":[{"embeddable":true,"href":"https:\/\/irla.cat\/casairla\/wp-json\/wp\/v2\/comments?post=979"}],"version-history":[{"count":3,"href":"https:\/\/irla.cat\/casairla\/wp-json\/wp\/v2\/posts\/979\/revisions"}],"predecessor-version":[{"id":986,"href":"https:\/\/irla.cat\/casairla\/wp-json\/wp\/v2\/posts\/979\/revisions\/986"}],"wp:featuredmedia":[{"embeddable":true,"href":"https:\/\/irla.cat\/casairla\/wp-json\/wp\/v2\/media\/984"}],"wp:attachment":[{"href":"https:\/\/irla.cat\/casairla\/wp-json\/wp\/v2\/media?parent=979"}],"wp:term":[{"taxonomy":"category","embeddable":true,"href":"https:\/\/irla.cat\/casairla\/wp-json\/wp\/v2\/categories?post=979"},{"taxonomy":"post_tag","embeddable":true,"href":"https:\/\/irla.cat\/casairla\/wp-json\/wp\/v2\/tags?post=979"}],"curies":[{"name":"wp","href":"https:\/\/api.w.org\/{rel}","templated":true}]}}