{"id":975,"date":"2019-10-01T09:28:27","date_gmt":"2019-10-01T07:28:27","guid":{"rendered":"https:\/\/irla.cat\/casairla\/?p=975"},"modified":"2019-10-21T09:38:52","modified_gmt":"2019-10-21T07:38:52","slug":"concert-del-perfum-de-la-llar-amb-indira-ferrer-veu-soprano-i-mauricio-campos-guitarra","status":"publish","type":"post","link":"https:\/\/irla.cat\/casairla\/2019\/10\/01\/concert-del-perfum-de-la-llar-amb-indira-ferrer-veu-soprano-i-mauricio-campos-guitarra\/","title":{"rendered":"Concert d&#8217;El perfum de la llar amb Indira Ferrer (Veu soprano) i Mauricio Campos (Guitarra)"},"content":{"rendered":"\n<p>El proper dia 5 d&#8217;octubre a les 21:30h a la Casa Irla de Sant Feliu de Gu\u00edxols concert &#8220;El perfum de la llar&#8221; amb Indira Ferrer (Veu soprano) i Mauricio Campos (Guitarra).<\/p>\n<p><!--more--><\/p>\n<div>Quan un entra a casa seva el primer que identifica \u00e9s l\u2019olor. Una mena de perfum a llar, a fam\u00edlia que \u00e9s \u00fanic i ens d\u00f3na una tendra i c\u00e0lida benvinguda. Aquella frag\u00e0ncia ens obre els bra\u00e7os i ens d\u00f3na seguretat. Sabem que hi trobarem calma i placidesa.<\/div>\n<div>\u00a0<\/div>\n<div>Aquest concert est\u00e0 conformat per melodies que no nom\u00e9s podrem escoltar sin\u00f3 que ens evocaran la dol\u00e7or de la xocolata, l\u2019olor de la llenya quan crema a la llar de foc o el perfum de l\u2019herba acabada de tallar.<\/div>\n<div>\u00a0<\/div>\n<div>La nostra intenci\u00f3 \u00e9s que pugueu acariciar aquella maleta de records que forma part de la nostra vida. Hi trobareu peces l\u00edriques i tamb\u00e9 actuals com boleros o alguna havanera. Aquest concert va dirigit al p\u00fablic que li agrada la m\u00fasica cl\u00e0ssica que t\u00e9 curiositat per sentir noves adaptacions i tamb\u00e9 a un p\u00fablic que \u201cen teoria\u201d no hi est\u00e0 avesat. Els assegurem que els sorprendr\u00e0 comprovar que les melodies que farem seran com un \u201cvestit fet a mida\u201d.<\/div>\n<div>\u00a0<\/div>\n","protected":false},"excerpt":{"rendered":"<p>El proper dia 5 d&#8217;octubre a les 21:30h a la Casa Irla de Sant Feliu de Gu\u00edxols concert &#8220;El perfum de la llar&#8221; amb Indira Ferrer (Veu soprano) i Mauricio Campos (Guitarra).<\/p>\n","protected":false},"author":1,"featured_media":976,"comment_status":"closed","ping_status":"closed","sticky":false,"template":"","format":"standard","meta":{"footnotes":""},"categories":[1],"tags":[],"class_list":["post-975","post","type-post","status-publish","format-standard","has-post-thumbnail","hentry","category-general"],"_links":{"self":[{"href":"https:\/\/irla.cat\/casairla\/wp-json\/wp\/v2\/posts\/975","targetHints":{"allow":["GET"]}}],"collection":[{"href":"https:\/\/irla.cat\/casairla\/wp-json\/wp\/v2\/posts"}],"about":[{"href":"https:\/\/irla.cat\/casairla\/wp-json\/wp\/v2\/types\/post"}],"author":[{"embeddable":true,"href":"https:\/\/irla.cat\/casairla\/wp-json\/wp\/v2\/users\/1"}],"replies":[{"embeddable":true,"href":"https:\/\/irla.cat\/casairla\/wp-json\/wp\/v2\/comments?post=975"}],"version-history":[{"count":2,"href":"https:\/\/irla.cat\/casairla\/wp-json\/wp\/v2\/posts\/975\/revisions"}],"predecessor-version":[{"id":982,"href":"https:\/\/irla.cat\/casairla\/wp-json\/wp\/v2\/posts\/975\/revisions\/982"}],"wp:featuredmedia":[{"embeddable":true,"href":"https:\/\/irla.cat\/casairla\/wp-json\/wp\/v2\/media\/976"}],"wp:attachment":[{"href":"https:\/\/irla.cat\/casairla\/wp-json\/wp\/v2\/media?parent=975"}],"wp:term":[{"taxonomy":"category","embeddable":true,"href":"https:\/\/irla.cat\/casairla\/wp-json\/wp\/v2\/categories?post=975"},{"taxonomy":"post_tag","embeddable":true,"href":"https:\/\/irla.cat\/casairla\/wp-json\/wp\/v2\/tags?post=975"}],"curies":[{"name":"wp","href":"https:\/\/api.w.org\/{rel}","templated":true}]}}