{"id":972,"date":"2019-09-24T13:10:02","date_gmt":"2019-09-24T11:10:02","guid":{"rendered":"https:\/\/irla.cat\/casairla\/?p=972"},"modified":"2019-09-26T13:15:30","modified_gmt":"2019-09-26T11:15:30","slug":"presentacio-del-llibre-6-nits-dagost-de-jordi-lara","status":"publish","type":"post","link":"https:\/\/irla.cat\/casairla\/2019\/09\/24\/presentacio-del-llibre-6-nits-dagost-de-jordi-lara\/","title":{"rendered":"Presentaci\u00f3 del llibre &#8220;6 nits d&#8217;agost&#8221; de Jordi Lara"},"content":{"rendered":"\n<div>El proper dissabte 28 de setembre a les 19 h presentarem el llibre &#8220;6 nits d&#8217;agost&#8221; de Jordi Lara.<\/div>\n<div>\u00a0<\/div>\n<p><!--more--><\/p>\n<div>\n<div>El sis d\u2019agost de 2007 un home va sortir de Barcelona i va pujar a la muntanya per morir-hi sol. Aquell mateix dia complia setanta-cinc anys; es deia Llu\u00eds Maria Xirinacs i tenia una llarga traject\u00f2ria p\u00fablica com a lluitador per les llibertats i fil\u00f2sof pacifista.<\/div>\n<div>\u00a0<\/div>\n<div>\u00bfPer qu\u00e8 ho va fer? \u00bfEra un su\u00efcidi o era una altra cosa?<\/div>\n<div>\u00a0<\/div>\n<div>Sis nits d\u2019agost \u00e9s la hist\u00f2ria d\u2019aquella mort volguda, singular, misteriosa. La revelaci\u00f3 de com va ser preparada escrupolosament i com va afectar tantes persones, i l\u2019aventura d\u2019un escriptor per esbrinar el sentit d\u2019una acci\u00f3 com aquella.<\/div>\n<div>\u00a0<\/div>\n<div>Una novella apassionant que ens convida a una reflexi\u00f3 moral i universal sobre all\u00f2 que ens <span style=\"font-size: 1rem;\">interroga a tots: la mort, la llibertat individual o el comprom\u00eds col\u00b7lectiu.<\/span><\/div>\n<div>\u00a0<\/div>\n<\/div>\n\n\n","protected":false},"excerpt":{"rendered":"","protected":false},"author":1,"featured_media":973,"comment_status":"closed","ping_status":"closed","sticky":false,"template":"","format":"standard","meta":{"footnotes":""},"categories":[1],"tags":[],"class_list":["post-972","post","type-post","status-publish","format-standard","has-post-thumbnail","hentry","category-general"],"_links":{"self":[{"href":"https:\/\/irla.cat\/casairla\/wp-json\/wp\/v2\/posts\/972","targetHints":{"allow":["GET"]}}],"collection":[{"href":"https:\/\/irla.cat\/casairla\/wp-json\/wp\/v2\/posts"}],"about":[{"href":"https:\/\/irla.cat\/casairla\/wp-json\/wp\/v2\/types\/post"}],"author":[{"embeddable":true,"href":"https:\/\/irla.cat\/casairla\/wp-json\/wp\/v2\/users\/1"}],"replies":[{"embeddable":true,"href":"https:\/\/irla.cat\/casairla\/wp-json\/wp\/v2\/comments?post=972"}],"version-history":[{"count":1,"href":"https:\/\/irla.cat\/casairla\/wp-json\/wp\/v2\/posts\/972\/revisions"}],"predecessor-version":[{"id":974,"href":"https:\/\/irla.cat\/casairla\/wp-json\/wp\/v2\/posts\/972\/revisions\/974"}],"wp:featuredmedia":[{"embeddable":true,"href":"https:\/\/irla.cat\/casairla\/wp-json\/wp\/v2\/media\/973"}],"wp:attachment":[{"href":"https:\/\/irla.cat\/casairla\/wp-json\/wp\/v2\/media?parent=972"}],"wp:term":[{"taxonomy":"category","embeddable":true,"href":"https:\/\/irla.cat\/casairla\/wp-json\/wp\/v2\/categories?post=972"},{"taxonomy":"post_tag","embeddable":true,"href":"https:\/\/irla.cat\/casairla\/wp-json\/wp\/v2\/tags?post=972"}],"curies":[{"name":"wp","href":"https:\/\/api.w.org\/{rel}","templated":true}]}}