{"id":97,"date":"2013-10-20T15:37:18","date_gmt":"2013-10-20T14:37:18","guid":{"rendered":"http:\/\/www.irla.cat\/casairla\/?p=97"},"modified":"2017-03-14T15:46:05","modified_gmt":"2017-03-14T14:46:05","slug":"miquel-abras-concert-intim-i-personal","status":"publish","type":"post","link":"https:\/\/irla.cat\/casairla\/2013\/10\/20\/miquel-abras-concert-intim-i-personal\/","title":{"rendered":"Miquel Abras, concert \u00edntim i personal"},"content":{"rendered":"<p>Aquest passat divendres 18 d\u2019octubre vam poder gaudir a la Casa Irla de la pres\u00e8ncia del cantautor Miquel Abras.<!--more--><\/p>\n<p>Ve\u00ed de la Bisbal d\u2019Empord\u00e0, que ens va presentar el seu darrer disc: \u201cEquilibris impossibles\u201d.<\/p>\n<p>Miquel Abras \u00e9s un dels artistes amb m\u00e9s repercussi\u00f3 dins l\u2019escena musical catalana i va quedar ben pal\u00e8s en el recital que ens va oferir. Amb una primera part m\u00e9s formal, de presentaci\u00f3 de les noves can\u00e7ons i amb una segona de retrobament temes dels seus primers discs, molt conegudes i cantades pel p\u00fablic.<\/p>\n<p><iframe loading=\"lazy\" src=\"https:\/\/www.youtube.com\/embed\/LHvK-04cHgM\" width=\"560\" height=\"315\" frameborder=\"0\" allowfullscreen=\"allowfullscreen\"><\/iframe><\/p>\n<p>&nbsp;<\/p>\n","protected":false},"excerpt":{"rendered":"<p>Aquest passat divendres 18 d\u2019octubre vam poder gaudir a la Casa Irla de la pres\u00e8ncia del cantautor Miquel Abras.<\/p>\n","protected":false},"author":1,"featured_media":98,"comment_status":"open","ping_status":"open","sticky":false,"template":"template-centered.php","format":"standard","meta":{"footnotes":""},"categories":[1],"tags":[],"class_list":["post-97","post","type-post","status-publish","format-standard","has-post-thumbnail","hentry","category-general"],"_links":{"self":[{"href":"https:\/\/irla.cat\/casairla\/wp-json\/wp\/v2\/posts\/97","targetHints":{"allow":["GET"]}}],"collection":[{"href":"https:\/\/irla.cat\/casairla\/wp-json\/wp\/v2\/posts"}],"about":[{"href":"https:\/\/irla.cat\/casairla\/wp-json\/wp\/v2\/types\/post"}],"author":[{"embeddable":true,"href":"https:\/\/irla.cat\/casairla\/wp-json\/wp\/v2\/users\/1"}],"replies":[{"embeddable":true,"href":"https:\/\/irla.cat\/casairla\/wp-json\/wp\/v2\/comments?post=97"}],"version-history":[{"count":2,"href":"https:\/\/irla.cat\/casairla\/wp-json\/wp\/v2\/posts\/97\/revisions"}],"predecessor-version":[{"id":109,"href":"https:\/\/irla.cat\/casairla\/wp-json\/wp\/v2\/posts\/97\/revisions\/109"}],"wp:featuredmedia":[{"embeddable":true,"href":"https:\/\/irla.cat\/casairla\/wp-json\/wp\/v2\/media\/98"}],"wp:attachment":[{"href":"https:\/\/irla.cat\/casairla\/wp-json\/wp\/v2\/media?parent=97"}],"wp:term":[{"taxonomy":"category","embeddable":true,"href":"https:\/\/irla.cat\/casairla\/wp-json\/wp\/v2\/categories?post=97"},{"taxonomy":"post_tag","embeddable":true,"href":"https:\/\/irla.cat\/casairla\/wp-json\/wp\/v2\/tags?post=97"}],"curies":[{"name":"wp","href":"https:\/\/api.w.org\/{rel}","templated":true}]}}