{"id":968,"date":"2019-09-03T10:15:50","date_gmt":"2019-09-03T08:15:50","guid":{"rendered":"https:\/\/irla.cat\/casairla\/?p=968"},"modified":"2019-09-03T10:15:52","modified_gmt":"2019-09-03T08:15:52","slug":"del-7-de-setembre-al-3-de-novembre-exposicio-les-arcs-en-ciel-du-noir-danna-comellas","status":"publish","type":"post","link":"https:\/\/irla.cat\/casairla\/2019\/09\/03\/del-7-de-setembre-al-3-de-novembre-exposicio-les-arcs-en-ciel-du-noir-danna-comellas\/","title":{"rendered":"Del 7 de setembre al 3 de novembre exposici\u00f3 Les arcs-en-ciel du noir d&#8217;Anna Comellas"},"content":{"rendered":"\n<div>Les arcs-en-ciel du noir, t\u00edtol d\u2019un llibre sobre Victor Hugo d\u2019Annie Le Brun, ens introdueix directament en una contradicci\u00f3.<\/div>\n<div>\u00a0<\/div>\n<div>Poden estendre\u2019s les ombres sobre un arc de Sant Mart\u00ed, on la llum \u00e9s clau per a la seva exist\u00e8ncia? Una proposta on els colors s\u2019oculten adquirint tots els colors del negre. Negre com a figura de foscor i ceguesa; com expressi\u00f3 de l\u2019infinit i alhora com manca de futur; com a foscor d\u2019on pot sorgir la llum, per\u00f2 tamb\u00e9 com a portador de les ombres.<\/div>\n<div>\u00a0<\/div>\n<div>Els negres de la realitat i els colors del somni. Negres de tinta, de fum, de carb\u00f3. Quants negres pot tenir aquest arc? Darrere aquesta recerca, la voluntat humana a crear, reinventar, traspassar fronteres i reflectir-se en la pr\u00f2pia natura. Imatges reals i transformades a partir de la seva manipulaci\u00f3.<\/div>\n<div>\u00a0<\/div>\n<div>Per expressar-ho, dos elements claus: bidimensionalitat a partir del gravat, la pintura i la fotografia, i tridimensionalitat a partir dels materials. Aix\u00f2 permet aprofitar dos elements est\u00e8tics: la impressi\u00f3 de pes i de gravetat a trav\u00e9s d\u2019estructures estrictament geom\u00e8triques, i la impressi\u00f3 de lleugeresa a trav\u00e9s d\u2019imatges que suggereixen a l\u2019espectador un m\u00f3n po\u00e8tic.<\/div>\n<p>Vernissatge el dissabte 7 de setembre a les 19 h<\/p>\n<p>\u00a0<\/p>\n","protected":false},"excerpt":{"rendered":"","protected":false},"author":1,"featured_media":969,"comment_status":"closed","ping_status":"closed","sticky":false,"template":"","format":"standard","meta":{"footnotes":""},"categories":[1],"tags":[],"class_list":["post-968","post","type-post","status-publish","format-standard","has-post-thumbnail","hentry","category-general"],"_links":{"self":[{"href":"https:\/\/irla.cat\/casairla\/wp-json\/wp\/v2\/posts\/968","targetHints":{"allow":["GET"]}}],"collection":[{"href":"https:\/\/irla.cat\/casairla\/wp-json\/wp\/v2\/posts"}],"about":[{"href":"https:\/\/irla.cat\/casairla\/wp-json\/wp\/v2\/types\/post"}],"author":[{"embeddable":true,"href":"https:\/\/irla.cat\/casairla\/wp-json\/wp\/v2\/users\/1"}],"replies":[{"embeddable":true,"href":"https:\/\/irla.cat\/casairla\/wp-json\/wp\/v2\/comments?post=968"}],"version-history":[{"count":1,"href":"https:\/\/irla.cat\/casairla\/wp-json\/wp\/v2\/posts\/968\/revisions"}],"predecessor-version":[{"id":970,"href":"https:\/\/irla.cat\/casairla\/wp-json\/wp\/v2\/posts\/968\/revisions\/970"}],"wp:featuredmedia":[{"embeddable":true,"href":"https:\/\/irla.cat\/casairla\/wp-json\/wp\/v2\/media\/969"}],"wp:attachment":[{"href":"https:\/\/irla.cat\/casairla\/wp-json\/wp\/v2\/media?parent=968"}],"wp:term":[{"taxonomy":"category","embeddable":true,"href":"https:\/\/irla.cat\/casairla\/wp-json\/wp\/v2\/categories?post=968"},{"taxonomy":"post_tag","embeddable":true,"href":"https:\/\/irla.cat\/casairla\/wp-json\/wp\/v2\/tags?post=968"}],"curies":[{"name":"wp","href":"https:\/\/api.w.org\/{rel}","templated":true}]}}