{"id":948,"date":"2019-07-15T10:00:48","date_gmt":"2019-07-15T08:00:48","guid":{"rendered":"https:\/\/irla.cat\/casairla\/?p=948"},"modified":"2019-07-10T13:36:12","modified_gmt":"2019-07-10T11:36:12","slug":"connexions-un-espectacle-de-mentallisme-a-carrec-de-marc-sabat","status":"publish","type":"post","link":"https:\/\/irla.cat\/casairla\/2019\/07\/15\/connexions-un-espectacle-de-mentallisme-a-carrec-de-marc-sabat\/","title":{"rendered":"&#8220;Connexions, un espectacle de mental\u00b7lisme&#8221; a c\u00e0rrec de Marc S\u00e0bat"},"content":{"rendered":"\n<div>El dissabte 20 de juliol a les 22:<span class=\"hiddenGrammarError\">30h<\/span>\u00a0es dur\u00e0 a terme l&#8217;espectacle\u00a0<span class=\"hiddenGrammarError\">&#8220;<\/span>Connexions, un espectacle de mentalisme.<br \/><br \/>El mag i mentalista Marc S\u00e0bat, nascut a Girona, \u00e9s un mag professional amb experi\u00e8ncia on amb la seva m\u00e0gia innovadora i la seva forma de connectar amb el p\u00fablic fa que els seus shows siguin \u00fanics i divertits.<br \/><br \/>Algun cop has sentit que tenies una connexi\u00f3 especial amb una altra persona? Vine a gaudir d&#8217;una experi\u00e8ncia inoblidable amb aquest espectacle de metal\u00b7lisme que no deixar\u00e0 indiferent a ning\u00fa.<\/div>\n","protected":false},"excerpt":{"rendered":"","protected":false},"author":1,"featured_media":949,"comment_status":"closed","ping_status":"closed","sticky":false,"template":"","format":"standard","meta":{"footnotes":""},"categories":[1],"tags":[],"class_list":["post-948","post","type-post","status-publish","format-standard","has-post-thumbnail","hentry","category-general"],"_links":{"self":[{"href":"https:\/\/irla.cat\/casairla\/wp-json\/wp\/v2\/posts\/948","targetHints":{"allow":["GET"]}}],"collection":[{"href":"https:\/\/irla.cat\/casairla\/wp-json\/wp\/v2\/posts"}],"about":[{"href":"https:\/\/irla.cat\/casairla\/wp-json\/wp\/v2\/types\/post"}],"author":[{"embeddable":true,"href":"https:\/\/irla.cat\/casairla\/wp-json\/wp\/v2\/users\/1"}],"replies":[{"embeddable":true,"href":"https:\/\/irla.cat\/casairla\/wp-json\/wp\/v2\/comments?post=948"}],"version-history":[{"count":1,"href":"https:\/\/irla.cat\/casairla\/wp-json\/wp\/v2\/posts\/948\/revisions"}],"predecessor-version":[{"id":950,"href":"https:\/\/irla.cat\/casairla\/wp-json\/wp\/v2\/posts\/948\/revisions\/950"}],"wp:featuredmedia":[{"embeddable":true,"href":"https:\/\/irla.cat\/casairla\/wp-json\/wp\/v2\/media\/949"}],"wp:attachment":[{"href":"https:\/\/irla.cat\/casairla\/wp-json\/wp\/v2\/media?parent=948"}],"wp:term":[{"taxonomy":"category","embeddable":true,"href":"https:\/\/irla.cat\/casairla\/wp-json\/wp\/v2\/categories?post=948"},{"taxonomy":"post_tag","embeddable":true,"href":"https:\/\/irla.cat\/casairla\/wp-json\/wp\/v2\/tags?post=948"}],"curies":[{"name":"wp","href":"https:\/\/api.w.org\/{rel}","templated":true}]}}