{"id":94,"date":"2013-09-22T15:34:28","date_gmt":"2013-09-22T14:34:28","guid":{"rendered":"http:\/\/www.irla.cat\/casairla\/?p=94"},"modified":"2017-03-15T00:34:45","modified_gmt":"2017-03-14T23:34:45","slug":"programacio-tardor-2013","status":"publish","type":"post","link":"https:\/\/irla.cat\/casairla\/2013\/09\/22\/programacio-tardor-2013\/","title":{"rendered":"Programaci\u00f3 tardor 2013"},"content":{"rendered":"<p>Aquesta tardor 2013 torna la programaci\u00f3 cultural amb els espais i apartats ja cl\u00e0ssics de cada temporada.<!--more--><\/p>\n<p>Dins del cicle literari podrem comptar amb la pres\u00e8ncia, per exemple de Pilar Rahola o de Santiago Ni\u00f1o Becerra, entre d&#8217;altres.<\/p>\n<p>Pel que fa als &#8220;Sons de Taverna&#8221; passaran per la Casa Irla, en aquesta ocasi\u00f3, el cantautor Quim Vila, la Neus Mart, i tamb\u00e9, per primera vegada un espectacle de tangos a c\u00e0rrec de \u00c0ngel Garcia-Cerdanya &#8220;El Sueco&#8221;&#8230; Una mica de tot per a tots el gustos.<\/p>\n<p>I quan a exposicions d&#8217;art hem comen\u00e7at amb l&#8217;estimada Quimeta Serra, de la qual ten\u00edem pendent fer una exposici\u00f3, i que ens ha regalat una magn\u00edfica mostra de pintures a l&#8217;oli sota el t\u00edtol &#8220;Un passeig per la natura&#8221;. Tot un luxe poder gaudir d&#8217;aquesta gran artista de Sant Feliu.<\/p>\n","protected":false},"excerpt":{"rendered":"<p>Aquesta tardor 2013 torna la programaci\u00f3 cultural amb els espais i apartats ja cl\u00e0ssics de cada temporada.<\/p>\n","protected":false},"author":1,"featured_media":188,"comment_status":"open","ping_status":"open","sticky":false,"template":"template-centered.php","format":"standard","meta":{"footnotes":""},"categories":[1],"tags":[],"class_list":["post-94","post","type-post","status-publish","format-standard","has-post-thumbnail","hentry","category-general"],"_links":{"self":[{"href":"https:\/\/irla.cat\/casairla\/wp-json\/wp\/v2\/posts\/94","targetHints":{"allow":["GET"]}}],"collection":[{"href":"https:\/\/irla.cat\/casairla\/wp-json\/wp\/v2\/posts"}],"about":[{"href":"https:\/\/irla.cat\/casairla\/wp-json\/wp\/v2\/types\/post"}],"author":[{"embeddable":true,"href":"https:\/\/irla.cat\/casairla\/wp-json\/wp\/v2\/users\/1"}],"replies":[{"embeddable":true,"href":"https:\/\/irla.cat\/casairla\/wp-json\/wp\/v2\/comments?post=94"}],"version-history":[{"count":2,"href":"https:\/\/irla.cat\/casairla\/wp-json\/wp\/v2\/posts\/94\/revisions"}],"predecessor-version":[{"id":107,"href":"https:\/\/irla.cat\/casairla\/wp-json\/wp\/v2\/posts\/94\/revisions\/107"}],"wp:featuredmedia":[{"embeddable":true,"href":"https:\/\/irla.cat\/casairla\/wp-json\/wp\/v2\/media\/188"}],"wp:attachment":[{"href":"https:\/\/irla.cat\/casairla\/wp-json\/wp\/v2\/media?parent=94"}],"wp:term":[{"taxonomy":"category","embeddable":true,"href":"https:\/\/irla.cat\/casairla\/wp-json\/wp\/v2\/categories?post=94"},{"taxonomy":"post_tag","embeddable":true,"href":"https:\/\/irla.cat\/casairla\/wp-json\/wp\/v2\/tags?post=94"}],"curies":[{"name":"wp","href":"https:\/\/api.w.org\/{rel}","templated":true}]}}