{"id":938,"date":"2019-03-22T10:10:20","date_gmt":"2019-03-22T09:10:20","guid":{"rendered":"https:\/\/irla.cat\/casairla\/?p=938"},"modified":"2019-03-22T10:10:56","modified_gmt":"2019-03-22T09:10:56","slug":"mariona-actuara-dissabte-23-a-la-casa-irla","status":"publish","type":"post","link":"https:\/\/irla.cat\/casairla\/2019\/03\/22\/mariona-actuara-dissabte-23-a-la-casa-irla\/","title":{"rendered":"Mariona actuar\u00e0 dissabte 23 de mar\u00e7 a la Casa Irla"},"content":{"rendered":"\n<p>El segon cop que vaig cantar en p\u00fablic tenia 17 anys i va ser a R\u00e0dio Scop programa d\u2019en Salvador Escamilla, el nom art\u00edstic de Mariona va sorgir aquell dia.<\/p>\n\n\n\n<p>&#8220;Un amic en va dur a la Cova de Drach al carrer Tuset, i vag anant coincidint amb gaireb\u00e9 tots i totes les que comen\u00e7aven, la cova era el punt de trobada dels que ten\u00edem la necessitat de dir, explicar o denunciar el que sent\u00edem, i tamb\u00e9 el que estava passant en aquell moment al carrer. La nova Canc\u00f3, despr\u00e9s del 16 Jutges que hi eren es va anar fraguant&#8221;.<\/p>\n\n\n\n<p>&#8220;Vaig participar en festivals diversos, concursos, etc. Vaig ser una simple telonera, mai vaig aspirar a gaire m\u00e9s, per\u00f2 tenia els meus llocs per expressar-me. Mai he viscut de la m\u00fasica per\u00f2 ella m\u2019ha fet feli\u00e7. Sempre he estat connectada al m\u00f3n de la poesia, i he musicat poetes. Durant anys vam ser dues, la Gloria i la Mariona, finalistes i guanyadores en v\u00e0ries ocasions. Despr\u00e9s em vaig allunyar de la can\u00e7\u00f3 uns quants anys.&#8221;<\/p>\n\n\n\n<p><br>&#8220;Ara un cop jubilada, he tornat al m\u00f3n apassionant de la can\u00e7\u00f3 i acabo de gravar un disc, el meu primer disc m\u2019ha arribat en la tardor de la vida per\u00f2 <strong><em>com diu l&#8217;estimada poeta Dolors Dilme&#8230;SENTO LA VIDA DINS MEUQue mes puc demanar?&#8221;<\/em><\/strong><\/p>\n\n\n\n<p>El concert ser\u00e0 dissabte 23 de mar\u00e7 a les 22 h amb l&#8217;entrada gratu\u00efta.<\/p>\n\n\n\n<p><\/p>\n","protected":false},"excerpt":{"rendered":"<p>El segon cop que vaig cantar en p\u00fablic tenia 17 anys i va ser a R\u00e0dio Scop programa d\u2019en Salvador<\/p>\n","protected":false},"author":1,"featured_media":939,"comment_status":"closed","ping_status":"closed","sticky":false,"template":"","format":"standard","meta":{"footnotes":""},"categories":[1],"tags":[],"class_list":["post-938","post","type-post","status-publish","format-standard","has-post-thumbnail","hentry","category-general"],"_links":{"self":[{"href":"https:\/\/irla.cat\/casairla\/wp-json\/wp\/v2\/posts\/938","targetHints":{"allow":["GET"]}}],"collection":[{"href":"https:\/\/irla.cat\/casairla\/wp-json\/wp\/v2\/posts"}],"about":[{"href":"https:\/\/irla.cat\/casairla\/wp-json\/wp\/v2\/types\/post"}],"author":[{"embeddable":true,"href":"https:\/\/irla.cat\/casairla\/wp-json\/wp\/v2\/users\/1"}],"replies":[{"embeddable":true,"href":"https:\/\/irla.cat\/casairla\/wp-json\/wp\/v2\/comments?post=938"}],"version-history":[{"count":2,"href":"https:\/\/irla.cat\/casairla\/wp-json\/wp\/v2\/posts\/938\/revisions"}],"predecessor-version":[{"id":941,"href":"https:\/\/irla.cat\/casairla\/wp-json\/wp\/v2\/posts\/938\/revisions\/941"}],"wp:featuredmedia":[{"embeddable":true,"href":"https:\/\/irla.cat\/casairla\/wp-json\/wp\/v2\/media\/939"}],"wp:attachment":[{"href":"https:\/\/irla.cat\/casairla\/wp-json\/wp\/v2\/media?parent=938"}],"wp:term":[{"taxonomy":"category","embeddable":true,"href":"https:\/\/irla.cat\/casairla\/wp-json\/wp\/v2\/categories?post=938"},{"taxonomy":"post_tag","embeddable":true,"href":"https:\/\/irla.cat\/casairla\/wp-json\/wp\/v2\/tags?post=938"}],"curies":[{"name":"wp","href":"https:\/\/api.w.org\/{rel}","templated":true}]}}