{"id":934,"date":"2019-03-18T09:34:30","date_gmt":"2019-03-18T08:34:30","guid":{"rendered":"https:\/\/irla.cat\/casairla\/?p=934"},"modified":"2019-03-18T09:34:32","modified_gmt":"2019-03-18T08:34:32","slug":"presentacio-de-dema-tindre-sort-de-nuria-marti","status":"publish","type":"post","link":"https:\/\/irla.cat\/casairla\/2019\/03\/18\/presentacio-de-dema-tindre-sort-de-nuria-marti\/","title":{"rendered":"Presentaci\u00f3 de &#8220;Dem\u00e0 tindr\u00e9 sort&#8221; de N\u00faria Mart\u00ed"},"content":{"rendered":"\n<p>El proper dissabte dia 30 de mar\u00e7 a les 19 h presentem el llibre &#8220;Dem\u00e0 tindre sort&#8221; de N\u00faria Mart\u00ed.<\/p>\n\n\n\n<p>Joan Pacheco t\u00e9 vuit anys quan l\u2019any 1939 travessa la frontera francesa a peu, al costat de milers de persones que fugen de l\u2019avan\u00e7 de les tropes de Franco. <\/p>\n\n\n\n<p>S\u00f3n els \u00faltims dies de la Guerra Civil espanyola i, passada la ratlla, en Joan comen\u00e7a el cam\u00ed de l\u2019exili, que el dur\u00e0 a rec\u00f3rrer Fran\u00e7a d\u2019un cap a l\u2019altre, en una llarga odissea.<br><\/p>\n\n\n\n<p>El seu testimoni, novel\u00b7lat per N\u00faria Mart\u00ed Constans, ens fa mem\u00f2ria d\u2019un passat que cal tenir ben present. Aquesta \u00e9s una hist\u00f2ria, a vegades dura i a vegades tendra, que \u2014tal com diu Ricard Martorano al pr\u00f2leg\u2014 \u201cno deixa indiferent\u201d.<\/p>\n\n\n\n<p><br><\/p>\n","protected":false},"excerpt":{"rendered":"<p>El proper dissabte dia 30 de mar\u00e7 a les 19 h presentem el llibre &#8220;Dem\u00e0 tindre sort&#8221; de N\u00faria Mart\u00ed.<\/p>\n","protected":false},"author":1,"featured_media":935,"comment_status":"closed","ping_status":"closed","sticky":false,"template":"","format":"standard","meta":{"footnotes":""},"categories":[1],"tags":[],"class_list":["post-934","post","type-post","status-publish","format-standard","has-post-thumbnail","hentry","category-general"],"_links":{"self":[{"href":"https:\/\/irla.cat\/casairla\/wp-json\/wp\/v2\/posts\/934","targetHints":{"allow":["GET"]}}],"collection":[{"href":"https:\/\/irla.cat\/casairla\/wp-json\/wp\/v2\/posts"}],"about":[{"href":"https:\/\/irla.cat\/casairla\/wp-json\/wp\/v2\/types\/post"}],"author":[{"embeddable":true,"href":"https:\/\/irla.cat\/casairla\/wp-json\/wp\/v2\/users\/1"}],"replies":[{"embeddable":true,"href":"https:\/\/irla.cat\/casairla\/wp-json\/wp\/v2\/comments?post=934"}],"version-history":[{"count":1,"href":"https:\/\/irla.cat\/casairla\/wp-json\/wp\/v2\/posts\/934\/revisions"}],"predecessor-version":[{"id":936,"href":"https:\/\/irla.cat\/casairla\/wp-json\/wp\/v2\/posts\/934\/revisions\/936"}],"wp:featuredmedia":[{"embeddable":true,"href":"https:\/\/irla.cat\/casairla\/wp-json\/wp\/v2\/media\/935"}],"wp:attachment":[{"href":"https:\/\/irla.cat\/casairla\/wp-json\/wp\/v2\/media?parent=934"}],"wp:term":[{"taxonomy":"category","embeddable":true,"href":"https:\/\/irla.cat\/casairla\/wp-json\/wp\/v2\/categories?post=934"},{"taxonomy":"post_tag","embeddable":true,"href":"https:\/\/irla.cat\/casairla\/wp-json\/wp\/v2\/tags?post=934"}],"curies":[{"name":"wp","href":"https:\/\/api.w.org\/{rel}","templated":true}]}}