{"id":931,"date":"2019-03-14T09:40:24","date_gmt":"2019-03-14T08:40:24","guid":{"rendered":"https:\/\/irla.cat\/casairla\/?p=931"},"modified":"2019-03-14T09:40:25","modified_gmt":"2019-03-14T08:40:25","slug":"presentacio-de-catalunya-mirall-trencat-de-joaquim-nadal","status":"publish","type":"post","link":"https:\/\/irla.cat\/casairla\/2019\/03\/14\/presentacio-de-catalunya-mirall-trencat-de-joaquim-nadal\/","title":{"rendered":"Presentaci\u00f3 de &#8220;Catalunya, mirall trencat&#8221; de Joaquim Nadal"},"content":{"rendered":"\n<p>Dissabte dia 16 de mar\u00e7 a les 19 hpresentem el llibre &#8220;Catalunya, mirall trencat&#8221; de Joaquim Nadal.<br><\/p>\n\n\n\n<p>Joaquim Nadal ha volgut trencar el seu silenci sobre el laberint pol\u00edtic que viu Catalunya, un pa\u00eds que ha passat d\u2019emmirallar-se en un oasi a trobar-se encallat en una tartera. Nadal, que \u00e9s historiador, que t\u00e9 una llarga experi\u00e8ncia de govern i que ha abandonat la milit\u00e0ncia pol\u00edtica, pot oferir perspectiva, mat\u00eds i llum sobre el conflicte que vivim. La voluntat d\u2019aquest text breu i valent \u00e9s aclarir conceptes i proposar solucions.<\/p>\n\n\n\n<p><br>La repressi\u00f3, el desconcert i la por de ser estigmatitzat estan privant el pa\u00eds d\u2019un debat s\u00f2lid i lliure. Catalunya, mirall trencat s\u2019inicia amb uns apunts hist\u00f2rics que desmenteixen certs t\u00f2pics, continua amb l\u2019an\u00e0lisi de l\u2019explosi\u00f3 sobiranista i el xoc amb l\u2019Estat i es compromet finalment amb unes propostes concretes de gran valor, que fugen tant del maniqueisme com de la frivolitat.<\/p>\n\n\n\n<p><br><\/p>\n","protected":false},"excerpt":{"rendered":"<p>Dissabte dia 16 de mar\u00e7 a les 19 hpresentem el llibre &#8220;Catalunya, mirall trencat&#8221; de Joaquim Nadal. Joaquim Nadal ha<\/p>\n","protected":false},"author":1,"featured_media":932,"comment_status":"closed","ping_status":"closed","sticky":false,"template":"","format":"standard","meta":{"footnotes":""},"categories":[1],"tags":[],"class_list":["post-931","post","type-post","status-publish","format-standard","has-post-thumbnail","hentry","category-general"],"_links":{"self":[{"href":"https:\/\/irla.cat\/casairla\/wp-json\/wp\/v2\/posts\/931","targetHints":{"allow":["GET"]}}],"collection":[{"href":"https:\/\/irla.cat\/casairla\/wp-json\/wp\/v2\/posts"}],"about":[{"href":"https:\/\/irla.cat\/casairla\/wp-json\/wp\/v2\/types\/post"}],"author":[{"embeddable":true,"href":"https:\/\/irla.cat\/casairla\/wp-json\/wp\/v2\/users\/1"}],"replies":[{"embeddable":true,"href":"https:\/\/irla.cat\/casairla\/wp-json\/wp\/v2\/comments?post=931"}],"version-history":[{"count":1,"href":"https:\/\/irla.cat\/casairla\/wp-json\/wp\/v2\/posts\/931\/revisions"}],"predecessor-version":[{"id":933,"href":"https:\/\/irla.cat\/casairla\/wp-json\/wp\/v2\/posts\/931\/revisions\/933"}],"wp:featuredmedia":[{"embeddable":true,"href":"https:\/\/irla.cat\/casairla\/wp-json\/wp\/v2\/media\/932"}],"wp:attachment":[{"href":"https:\/\/irla.cat\/casairla\/wp-json\/wp\/v2\/media?parent=931"}],"wp:term":[{"taxonomy":"category","embeddable":true,"href":"https:\/\/irla.cat\/casairla\/wp-json\/wp\/v2\/categories?post=931"},{"taxonomy":"post_tag","embeddable":true,"href":"https:\/\/irla.cat\/casairla\/wp-json\/wp\/v2\/tags?post=931"}],"curies":[{"name":"wp","href":"https:\/\/api.w.org\/{rel}","templated":true}]}}