{"id":927,"date":"2019-02-22T09:07:35","date_gmt":"2019-02-22T08:07:35","guid":{"rendered":"https:\/\/irla.cat\/casairla\/?p=927"},"modified":"2019-02-22T09:07:37","modified_gmt":"2019-02-22T08:07:37","slug":"presentacio-del-teaser-tinta-els-bombardejos-de-la-por","status":"publish","type":"post","link":"https:\/\/irla.cat\/casairla\/2019\/02\/22\/presentacio-del-teaser-tinta-els-bombardejos-de-la-por\/","title":{"rendered":"Presentaci\u00f3 del Teaser &#8220;Tinta, els bombardejos de la por&#8221;"},"content":{"rendered":"\n<p>Aquest divendres 22 a les 19h Presentaci\u00f3 del teaser &#8220;Tinta, els bombardejos de la por&#8221; i concert d&#8217;Ask the Dust&#8221;<\/p>\n\n\n\n<p>A les 19.00 h a la Casa Ira es presentar\u00e0 el teaser de &#8220;Tinta, els bombardejos de la por&#8221; i el documental sobre els bombardejos de Sant Feliu de Gu\u00edxols el 13 d&#8217;agost de 1937 i el 22 de gener de 1938.<\/p>\n\n\n\n<p>El teaser consta de 7 minuts en un pla seq\u00fc\u00e8ncia gravat en el refugi de Pujalt a l&#8217;Anoia i el documental repassa en 20 minuts des de les eleccions de 1936 dins als bombardejos sobre Sant Feliu de Gu\u00edxols<\/p>\n\n\n\n<p>I a partir de les 21:30h concert gratu\u00eft d&#8217;Ask the Dust<\/p>\n\n\n\n<p>De Sant Feliu de Gu\u00edxols, i sorgits de les cendres de la banda We Can\u2019t Be Lovers, all\u00e0 pel 2010, aquests amics aposten pel so ac\u00fastic, per\u00f2 en\u00e8rgic i l\u2019esperit de banda de carrer, entre el folk, el country i el punk. Han editat 2 maquetes: \u201cHo diu Sant Feliu!\u201d (setembre de 2012) i \u201cAbsolut disaster\u201d (maig de 2016), i actualment est\u00e0 a punt de sortir la tercera, \u201cAsk the Dust loves you!\u201d, amb nous temes com \u201cS\u2019Agaroff\u201d, \u201cEls Ben Parits\u201d o \u201cWhat Freedom means\u201d. Han guanyat diversos concursos, acompanyat bandes com Steve Smyth, Xavier Calvet, Copa Lotus, Ca Vell, R\u00fasticos Ac\u00fasticos, Daniel Lumbreras i tocat a festivals com Porta Ferrada, Sant Feliu Fest, Ac\u00fastic Vell, etc.<br><\/p>\n\n\n\n<p>Despr\u00e9s de canvis en la seva formaci\u00f3, actualment formen la banda:<br>&#8211; Andreu Ferrer: guitarra<br>&#8211; Albert Pascual: mandolina i guitarra<br>&#8211; Pere Puig: bateria<br>&#8211; Xavi Romero: guitarra<br>&#8211; Robert Sanchez: steel guitar i dobro<br>&#8211; Agust\u00ed Segura: contrabaix i veu<br><\/p>\n","protected":false},"excerpt":{"rendered":"<p>Aquest divendres 22 a les 19h Presentaci\u00f3 del teaser &#8220;Tinta, els bombardejos de la por&#8221; i concert d&#8217;Ask the Dust&#8221;<\/p>\n","protected":false},"author":1,"featured_media":928,"comment_status":"closed","ping_status":"closed","sticky":false,"template":"","format":"standard","meta":{"footnotes":""},"categories":[1],"tags":[],"class_list":["post-927","post","type-post","status-publish","format-standard","has-post-thumbnail","hentry","category-general"],"_links":{"self":[{"href":"https:\/\/irla.cat\/casairla\/wp-json\/wp\/v2\/posts\/927","targetHints":{"allow":["GET"]}}],"collection":[{"href":"https:\/\/irla.cat\/casairla\/wp-json\/wp\/v2\/posts"}],"about":[{"href":"https:\/\/irla.cat\/casairla\/wp-json\/wp\/v2\/types\/post"}],"author":[{"embeddable":true,"href":"https:\/\/irla.cat\/casairla\/wp-json\/wp\/v2\/users\/1"}],"replies":[{"embeddable":true,"href":"https:\/\/irla.cat\/casairla\/wp-json\/wp\/v2\/comments?post=927"}],"version-history":[{"count":1,"href":"https:\/\/irla.cat\/casairla\/wp-json\/wp\/v2\/posts\/927\/revisions"}],"predecessor-version":[{"id":929,"href":"https:\/\/irla.cat\/casairla\/wp-json\/wp\/v2\/posts\/927\/revisions\/929"}],"wp:featuredmedia":[{"embeddable":true,"href":"https:\/\/irla.cat\/casairla\/wp-json\/wp\/v2\/media\/928"}],"wp:attachment":[{"href":"https:\/\/irla.cat\/casairla\/wp-json\/wp\/v2\/media?parent=927"}],"wp:term":[{"taxonomy":"category","embeddable":true,"href":"https:\/\/irla.cat\/casairla\/wp-json\/wp\/v2\/categories?post=927"},{"taxonomy":"post_tag","embeddable":true,"href":"https:\/\/irla.cat\/casairla\/wp-json\/wp\/v2\/tags?post=927"}],"curies":[{"name":"wp","href":"https:\/\/api.w.org\/{rel}","templated":true}]}}