{"id":922,"date":"2019-02-11T13:10:36","date_gmt":"2019-02-11T12:10:36","guid":{"rendered":"https:\/\/irla.cat\/casairla\/?p=922"},"modified":"2019-02-11T13:11:09","modified_gmt":"2019-02-11T12:11:09","slug":"divendres-15-de-febrer-a-les-19-h-presentemoriol-junqueras-fins-que-siguem-lliures","status":"publish","type":"post","link":"https:\/\/irla.cat\/casairla\/2019\/02\/11\/divendres-15-de-febrer-a-les-19-h-presentemoriol-junqueras-fins-que-siguem-lliures\/","title":{"rendered":"Divendres 15 de febrer a les 19 h &#8220;Oriol Junqueras. Fins que siguem lliures&#8221;"},"content":{"rendered":"\n<p>La presentaci\u00f3 del llibre anir\u00e0 a c\u00e0rrec de Maxi Calero amic personal de l&#8217;Oriol Junqueras i el m\u00fasic Pep Picas.<\/p>\n\n\n\n<p>Sergi Sol analitza el rerefons de la tardor del 2017 al mateix temps que repassa la traject\u00f2ria del vicepresident.<\/p>\n\n\n\n<p>Uns anys despr\u00e9s de l\u2019empresonament d\u2019Oriol Junqueras, arriba aquest homenatge que vol ser tamb\u00e9 un clam per exigir el seu alliberament.<\/p>\n\n\n\n<p><br>Oriol Junqueras i Carles Puigdemont van ser els principals art\u00edfexs institucionals de l\u2019\u00e8pica col\u00b7lectiva que protagonitzaren l\u20191 d\u2019octubre. De vegades, amb una encomiable determinaci\u00f3; d\u2019altres, a empentes i rodolons. <\/p>\n\n\n\n<p>La pressi\u00f3 pol\u00edtica i medi\u00e0tica de l\u2019Estat va ser asfixiant, i si el Govern de Catalunya no va cedir i va impulsar el refer\u00e8ndum, va ser, sobretot, perqu\u00e8 president i vicepresident van anar-hi plegats. Avui, un \u00e9s a la pres\u00f3 i l\u2019altre a l\u2019exili. No s\u00f3n els \u00fanics injustament privats de llibertat.<\/p>\n\n\n\n<p><br>Aquesta obra narra, analitza i contextualitza, des de la perspectiva del nucli de col\u00b7 laboradors m\u00e9s \u00edntim del vicepresident Oriol Junqueras, el rerefons que va determinar les dures decisions de la tardor catalana; la precipitaci\u00f3 del 20-S, la celebraci\u00f3 del refer\u00e8ndum, el desconcert posterior a la proclamaci\u00f3 de la Rep\u00fablica, l\u2019ingr\u00e9s en centres penitenciaris dels presos pol\u00edtics, l\u2019aplicaci\u00f3 del 155, l\u2019estrat\u00e8gia d\u2019ERC per eixamplar la base de l\u2019independentisme, la celebraci\u00f3 de les eleccions del 21-D i els entrebancs per configurar un nou Govern. <\/p>\n\n\n\n<p>Per\u00f2, m\u00e9s enll\u00e0 del relat apassionat i de la informaci\u00f3 in\u00e8dita d\u2019aquest per\u00edode transcendental, hi ha la voluntat manifesta de reivindicar i fer just\u00edcia a la figura i el treball d\u2019Oriol Junqueras. Un llibre que vol ser tamb\u00e9 un homenatge i un nou clam per exigir el seu alliberament.<br><\/p>\n\n\n\n<p><strong>\u00abSom fruit de moltes derrotes, per\u00f2 llavor de totes les vict\u00f2ries\u00bb<\/strong><\/p>\n","protected":false},"excerpt":{"rendered":"<p>La presentaci\u00f3 del llibre anir\u00e0 a c\u00e0rrec de Maxi Calero amic personal de l&#8217;Oriol Junqueras i el m\u00fasic Pep Picas.<\/p>\n","protected":false},"author":1,"featured_media":923,"comment_status":"closed","ping_status":"closed","sticky":false,"template":"","format":"standard","meta":{"footnotes":""},"categories":[1],"tags":[],"class_list":["post-922","post","type-post","status-publish","format-standard","has-post-thumbnail","hentry","category-general"],"_links":{"self":[{"href":"https:\/\/irla.cat\/casairla\/wp-json\/wp\/v2\/posts\/922","targetHints":{"allow":["GET"]}}],"collection":[{"href":"https:\/\/irla.cat\/casairla\/wp-json\/wp\/v2\/posts"}],"about":[{"href":"https:\/\/irla.cat\/casairla\/wp-json\/wp\/v2\/types\/post"}],"author":[{"embeddable":true,"href":"https:\/\/irla.cat\/casairla\/wp-json\/wp\/v2\/users\/1"}],"replies":[{"embeddable":true,"href":"https:\/\/irla.cat\/casairla\/wp-json\/wp\/v2\/comments?post=922"}],"version-history":[{"count":2,"href":"https:\/\/irla.cat\/casairla\/wp-json\/wp\/v2\/posts\/922\/revisions"}],"predecessor-version":[{"id":925,"href":"https:\/\/irla.cat\/casairla\/wp-json\/wp\/v2\/posts\/922\/revisions\/925"}],"wp:featuredmedia":[{"embeddable":true,"href":"https:\/\/irla.cat\/casairla\/wp-json\/wp\/v2\/media\/923"}],"wp:attachment":[{"href":"https:\/\/irla.cat\/casairla\/wp-json\/wp\/v2\/media?parent=922"}],"wp:term":[{"taxonomy":"category","embeddable":true,"href":"https:\/\/irla.cat\/casairla\/wp-json\/wp\/v2\/categories?post=922"},{"taxonomy":"post_tag","embeddable":true,"href":"https:\/\/irla.cat\/casairla\/wp-json\/wp\/v2\/tags?post=922"}],"curies":[{"name":"wp","href":"https:\/\/api.w.org\/{rel}","templated":true}]}}