{"id":912,"date":"2019-01-22T10:10:02","date_gmt":"2019-01-22T09:10:02","guid":{"rendered":"https:\/\/irla.cat\/casairla\/?p=912"},"modified":"2019-01-22T10:12:32","modified_gmt":"2019-01-22T09:12:32","slug":"presentacio-del-llibre-el-dia-que-barcelona-va-morir-denric-calpena","status":"publish","type":"post","link":"https:\/\/irla.cat\/casairla\/2019\/01\/22\/presentacio-del-llibre-el-dia-que-barcelona-va-morir-denric-calpena\/","title":{"rendered":"Presentaci\u00f3 del llibre &#8220;El dia que Barcelona va morir&#8221; d&#8217;Enric Calpena"},"content":{"rendered":"\n<p>El proper dissabte dia 2 de febrer a les 19 h presentem el llibre d&#8217;Enric Calpena &#8220;El dia que Barcelona va morir&#8221;<\/p>\n\n\n\n<p>El prestigi\u00f3s divulgador hist\u00f2ric Enric Calpena, autor de Barcelona, una biografia, narra l\u2019episodi m\u00e9s devastador de la ciutat al segle X, la r\u00e0tzia d\u2019Almansur: El dia que Barcelona va estar a punt de desapar\u00e8ixer per sempre.<\/p>\n\n\n\n<p><br>El visir Almansur avan\u00e7a amb quaranta mil homes, decidit a saquejar la ciutat de Barcelona, la capital del comtat m\u00e9s poder\u00f3s del sud dels Pirineus. <\/p>\n\n\n\n<p>L\u2019experimentat comte Borrell, el jove vescomte Udalard, la seva esposa Riquilda, la s\u00e0via vescomtessa v\u00eddua Geriberga, l\u2019intel\u00b7ligent ardiaca Arnulf i el criat Gondemarus, entre molts altres, es disposen a defensar la ciutat. <\/p>\n\n\n\n<p>Per\u00f2 potser la desgr\u00e0cia que s\u2019apropa a\u00a0 es muralles \u00e9s nom\u00e9s una prova que l\u2019Anticrist est\u00e0 a punt de desencadenar tota la seva f\u00faria sobre els habitants de Barcelona, com ja ho ha fet a Roma i en altres regnes de la cristiandat.<br><\/p>\n\n\n\n<p>Enric Calpena ens explica, amb magistral rigor hist\u00f2ric i estil \u00e0gil i impactant, l\u2019episodi m\u00e9s devastador de la Barcelona del segle X, la r\u00e0tzia d\u2019Almansur: el dia que la ciutat va estar a punt de desapar\u00e8ixer per sempre.<\/p>\n","protected":false},"excerpt":{"rendered":"<p>El proper dissabte dia 2 de febrer a les 19 h presentem el llibre d&#8217;Enric Calpena &#8220;El dia que Barcelona<\/p>\n","protected":false},"author":1,"featured_media":913,"comment_status":"closed","ping_status":"closed","sticky":false,"template":"","format":"standard","meta":{"footnotes":""},"categories":[1],"tags":[],"class_list":["post-912","post","type-post","status-publish","format-standard","has-post-thumbnail","hentry","category-general"],"_links":{"self":[{"href":"https:\/\/irla.cat\/casairla\/wp-json\/wp\/v2\/posts\/912","targetHints":{"allow":["GET"]}}],"collection":[{"href":"https:\/\/irla.cat\/casairla\/wp-json\/wp\/v2\/posts"}],"about":[{"href":"https:\/\/irla.cat\/casairla\/wp-json\/wp\/v2\/types\/post"}],"author":[{"embeddable":true,"href":"https:\/\/irla.cat\/casairla\/wp-json\/wp\/v2\/users\/1"}],"replies":[{"embeddable":true,"href":"https:\/\/irla.cat\/casairla\/wp-json\/wp\/v2\/comments?post=912"}],"version-history":[{"count":5,"href":"https:\/\/irla.cat\/casairla\/wp-json\/wp\/v2\/posts\/912\/revisions"}],"predecessor-version":[{"id":920,"href":"https:\/\/irla.cat\/casairla\/wp-json\/wp\/v2\/posts\/912\/revisions\/920"}],"wp:featuredmedia":[{"embeddable":true,"href":"https:\/\/irla.cat\/casairla\/wp-json\/wp\/v2\/media\/913"}],"wp:attachment":[{"href":"https:\/\/irla.cat\/casairla\/wp-json\/wp\/v2\/media?parent=912"}],"wp:term":[{"taxonomy":"category","embeddable":true,"href":"https:\/\/irla.cat\/casairla\/wp-json\/wp\/v2\/categories?post=912"},{"taxonomy":"post_tag","embeddable":true,"href":"https:\/\/irla.cat\/casairla\/wp-json\/wp\/v2\/tags?post=912"}],"curies":[{"name":"wp","href":"https:\/\/api.w.org\/{rel}","templated":true}]}}