{"id":902,"date":"2019-01-16T10:38:43","date_gmt":"2019-01-16T09:38:43","guid":{"rendered":"https:\/\/irla.cat\/casairla\/?p=902"},"modified":"2019-01-17T09:55:23","modified_gmt":"2019-01-17T08:55:23","slug":"presentacio-dels-llibre-octubre-al-carrer-de-dolors-feliu","status":"publish","type":"post","link":"https:\/\/irla.cat\/casairla\/2019\/01\/16\/presentacio-dels-llibre-octubre-al-carrer-de-dolors-feliu\/","title":{"rendered":"Presentaci\u00f3 d'&#8221;Octubre al carrer&#8221; i concert d&#8217;Eduardo Paniagua Trio"},"content":{"rendered":"\n<p>El proper&nbsp;divendres dia 25 de gener a les 19 h&nbsp;presentem el llibre&nbsp;&#8220;Octubre al carrer&#8221; de Dolors Feliu<strong>.<\/strong><\/p>\n\n\n\n<p>Fa un any dels Fets de l\u20191 d\u2019Octubre. Ha estat un any de bogeria. El llibre mira de nou aquells dies per analitzar qu\u00e8 va passar i tenir pistes per saber on som ara. <\/p>\n\n\n\n<p>El refer\u00e8ndum de l\u20191 d\u2019octubre va ser el gran repte i hauria hagut de ser la soluci\u00f3. La Rep\u00fablica. La gent estava il\u00b7lusionada i conven\u00e7uda que si s\u2019actuava massivament, i per mitjans pac\u00edfics, la democr\u00e0cia i la pertinen\u00e7a a la Uni\u00f3 Europea els protegiria de repressions o viol\u00e8ncia.<br><\/p>\n\n\n\n<p>Per\u00f2 l\u2019Estat espanyol est\u00e0 disposat a tot per preservar \u00abla unitat\u00bb. A Octubre al carrer, hi trobareu els ingredients dels grans relats: misteri, conxorxa, estrat\u00e8gia, viol\u00e8ncia, decepci\u00f3, plor, pres\u00f3 i tra\u00efdoria, per\u00f2 tamb\u00e9 solidaritat, valentia, energia, alegria, respecte, sacrifici, germanor, imaginaci\u00f3, humor i molts testimonis emotius. Aquests mesos hem viscut, m\u00e9s que mai, la il\u00b7lusi\u00f3 de sentir-nos poble lluitant per la llibertat. <\/p>\n\n\n\n<p>En d\u00e8iem \u00abla revoluci\u00f3 dels somriures\u00bb. Ara sabem que tamb\u00e9 hi va haver ll\u00e0grimes.<br><\/p>\n\n\n\n<p>Res no ha acabat<\/p>\n\n\n\n<p>Despr\u00e9s de la presentaci\u00f3 del libre de Dolors Feliu , a les 22h tindr\u00e0 lloc el concert d&#8217;Eduardo Paniagua Trio\u00a0(Eduardo Paniagua, Wafir S. Gibril, Pedro Burruezo)<\/p>\n\n\n\n<p>L&#8217;entrada del concert ser\u00e0 gratu\u00efta<\/p>\n\n\n\n<figure class=\"wp-block-image is-resized\"><img loading=\"lazy\" decoding=\"async\" src=\"https:\/\/irla.cat\/casairla\/wp-content\/uploads\/2019\/01\/Eduard-Paniagua-Trio.jpg\" alt=\"\" class=\"wp-image-910\" width=\"579\" height=\"414\" srcset=\"https:\/\/irla.cat\/casairla\/wp-content\/uploads\/2019\/01\/Eduard-Paniagua-Trio.jpg 350w, https:\/\/irla.cat\/casairla\/wp-content\/uploads\/2019\/01\/Eduard-Paniagua-Trio-300x214.jpg 300w\" sizes=\"auto, (max-width: 579px) 100vw, 579px\" \/><\/figure>\n\n\n\n<p><span style=\"background-color: rgb(232, 234, 235);\">Trobadors de les tres cultures<\/p>\n\n\n\n<p>M\u00fasiques de trobadors de les tres tradicions espirituals d\u2019Al Andalus. Aires andalusins, peces sefardites, c\u00e0ntigas d\u2019Alfonso X El Sabio&#8230;<\/p>\n\n\n\n<p>Un espectacle minimalista per\u00f2 gran en emocions que ens retrotrau a l\u2019Edat Mitjana amb can\u00e7ons i melodies d\u2019aromes trobadorescos i que no oblida els grans poetes del sufisme, poemes d\u2019amor en estat pur. <\/p>\n\n\n\n<p>Tota l\u2019erudici\u00f3, el mestratge i el prestigi del gran Eduardo Paniagua. Tot el virtuosisme de Wafir S. Gibril. Tot el salvatgisme i aquell punt d\u2019avantguarda i transgressi\u00f3 de Pedro Burruezo marca de la casa. <\/p>\n\n\n\n<p>Un trio irrepetible i una ocasi\u00f3 \u00fanica de veure i escoltar aquest trio de gira per Catalunya a Sant Feliu de Gu\u00edxols.<br><\/p>\n\n\n\n<p>Eduardo Paniagua (flautes, salteri, percussions, veus, narraci\u00f3, direcci\u00f3)<br>Wafir S. Gibril (\u201c\u00fbd\u201d \u00e0rab, flauta ney, percussi\u00f3, cants \u00e0rabs)<br>Pedro Burruezo (veu, mondol, percussions).<\/p>\n","protected":false},"excerpt":{"rendered":"<p>El proper&nbsp;divendres dia 25 de gener a les 19 h&nbsp;presentem el llibre&nbsp;&#8220;Octubre al carrer&#8221; de Dolors Feliu. Fa un any<\/p>\n","protected":false},"author":1,"featured_media":903,"comment_status":"closed","ping_status":"closed","sticky":false,"template":"","format":"standard","meta":{"footnotes":""},"categories":[1],"tags":[],"class_list":["post-902","post","type-post","status-publish","format-standard","has-post-thumbnail","hentry","category-general"],"_links":{"self":[{"href":"https:\/\/irla.cat\/casairla\/wp-json\/wp\/v2\/posts\/902","targetHints":{"allow":["GET"]}}],"collection":[{"href":"https:\/\/irla.cat\/casairla\/wp-json\/wp\/v2\/posts"}],"about":[{"href":"https:\/\/irla.cat\/casairla\/wp-json\/wp\/v2\/types\/post"}],"author":[{"embeddable":true,"href":"https:\/\/irla.cat\/casairla\/wp-json\/wp\/v2\/users\/1"}],"replies":[{"embeddable":true,"href":"https:\/\/irla.cat\/casairla\/wp-json\/wp\/v2\/comments?post=902"}],"version-history":[{"count":3,"href":"https:\/\/irla.cat\/casairla\/wp-json\/wp\/v2\/posts\/902\/revisions"}],"predecessor-version":[{"id":911,"href":"https:\/\/irla.cat\/casairla\/wp-json\/wp\/v2\/posts\/902\/revisions\/911"}],"wp:featuredmedia":[{"embeddable":true,"href":"https:\/\/irla.cat\/casairla\/wp-json\/wp\/v2\/media\/903"}],"wp:attachment":[{"href":"https:\/\/irla.cat\/casairla\/wp-json\/wp\/v2\/media?parent=902"}],"wp:term":[{"taxonomy":"category","embeddable":true,"href":"https:\/\/irla.cat\/casairla\/wp-json\/wp\/v2\/categories?post=902"},{"taxonomy":"post_tag","embeddable":true,"href":"https:\/\/irla.cat\/casairla\/wp-json\/wp\/v2\/tags?post=902"}],"curies":[{"name":"wp","href":"https:\/\/api.w.org\/{rel}","templated":true}]}}