{"id":88,"date":"2013-09-23T15:28:24","date_gmt":"2013-09-23T14:28:24","guid":{"rendered":"http:\/\/www.irla.cat\/casairla\/?p=88"},"modified":"2017-03-14T15:45:41","modified_gmt":"2017-03-14T14:45:41","slug":"actuacio-de-quim-vila","status":"publish","type":"post","link":"https:\/\/irla.cat\/casairla\/2013\/09\/23\/actuacio-de-quim-vila\/","title":{"rendered":"Actuaci\u00f3 de Quim Vila"},"content":{"rendered":"<p>Quim Vila, va presentar el dissabte 21 de setembre \u00a0el seu espectacle: \u201c<b><i>algun altre suggeriment resolutiu i coherent que no sigui un estat independent?<\/i><\/b>\u201d <!--more-->\u00a0Un xou humor\u00edstic a base del seu disc \u201cCan\u00e7ons d\u2019intents d\u2019un pa\u00eds\u201d i inspirat en el proc\u00e9s independentista catal\u00e0.<\/p>\n<p><span lang=\"CA\">Una vetllada divertida, agradable, per riure a cor que vols\u00a0 amb les par\u00f2dies d\u2019aquest actor i m\u00fasic comprom\u00e8s amb la cultura i el pa\u00eds.<\/span><\/p>\n<p>&nbsp;<\/p>\n","protected":false},"excerpt":{"rendered":"<p>Quim Vila, va presentar el dissabte 21 de setembre \u00a0el seu espectacle: \u201calgun altre suggeriment resolutiu i coherent que no<\/p>\n","protected":false},"author":1,"featured_media":89,"comment_status":"open","ping_status":"open","sticky":false,"template":"template-centered.php","format":"standard","meta":{"footnotes":""},"categories":[1],"tags":[],"class_list":["post-88","post","type-post","status-publish","format-standard","has-post-thumbnail","hentry","category-general"],"_links":{"self":[{"href":"https:\/\/irla.cat\/casairla\/wp-json\/wp\/v2\/posts\/88","targetHints":{"allow":["GET"]}}],"collection":[{"href":"https:\/\/irla.cat\/casairla\/wp-json\/wp\/v2\/posts"}],"about":[{"href":"https:\/\/irla.cat\/casairla\/wp-json\/wp\/v2\/types\/post"}],"author":[{"embeddable":true,"href":"https:\/\/irla.cat\/casairla\/wp-json\/wp\/v2\/users\/1"}],"replies":[{"embeddable":true,"href":"https:\/\/irla.cat\/casairla\/wp-json\/wp\/v2\/comments?post=88"}],"version-history":[{"count":2,"href":"https:\/\/irla.cat\/casairla\/wp-json\/wp\/v2\/posts\/88\/revisions"}],"predecessor-version":[{"id":108,"href":"https:\/\/irla.cat\/casairla\/wp-json\/wp\/v2\/posts\/88\/revisions\/108"}],"wp:featuredmedia":[{"embeddable":true,"href":"https:\/\/irla.cat\/casairla\/wp-json\/wp\/v2\/media\/89"}],"wp:attachment":[{"href":"https:\/\/irla.cat\/casairla\/wp-json\/wp\/v2\/media?parent=88"}],"wp:term":[{"taxonomy":"category","embeddable":true,"href":"https:\/\/irla.cat\/casairla\/wp-json\/wp\/v2\/categories?post=88"},{"taxonomy":"post_tag","embeddable":true,"href":"https:\/\/irla.cat\/casairla\/wp-json\/wp\/v2\/tags?post=88"}],"curies":[{"name":"wp","href":"https:\/\/api.w.org\/{rel}","templated":true}]}}