{"id":878,"date":"2019-01-14T10:34:52","date_gmt":"2019-01-14T09:34:52","guid":{"rendered":"https:\/\/irla.cat\/casairla\/?p=878"},"modified":"2019-01-14T10:37:55","modified_gmt":"2019-01-14T09:37:55","slug":"la-casa-irla-somple-de-gom-a-gom-amb-lexposicio-de-marzo-mart","status":"publish","type":"post","link":"https:\/\/irla.cat\/casairla\/2019\/01\/14\/la-casa-irla-somple-de-gom-a-gom-amb-lexposicio-de-marzo-mart\/","title":{"rendered":"La Casa Irla s&#8217;omple de gom a gom amb l&#8217;exposici\u00f3 de Marzo- Mart"},"content":{"rendered":"\n<p>Dissabte 12 de gener el pintor i escultor Manuel Marzo-Mart va omplir la Casa Irla amb la inauguraci\u00f3 d&#8221;Abstracci\u00f3 Conceptual.<\/p>\n\n\n\n<div class=\"wp-block-image\"><figure class=\"alignleft is-resized\"><img loading=\"lazy\" decoding=\"async\" src=\"https:\/\/irla.cat\/casairla\/wp-content\/uploads\/2019\/01\/Inauguracio-Marzo-Mart-02-3.jpg\" alt=\"\" class=\"wp-image-890\" width=\"216\" height=\"154\" srcset=\"https:\/\/irla.cat\/casairla\/wp-content\/uploads\/2019\/01\/Inauguracio-Marzo-Mart-02-3.jpg 350w, https:\/\/irla.cat\/casairla\/wp-content\/uploads\/2019\/01\/Inauguracio-Marzo-Mart-02-3-300x214.jpg 300w\" sizes=\"auto, (max-width: 216px) 100vw, 216px\" \/><\/figure><\/div>\n\n\n\n<p>L\u2019exposici\u00f3 de Marzo-Mart es podr\u00e0 visitar fins al 3 de mar\u00e7 a la Casa Irla de Sant Feliu de Gu\u00edxols, amb l&#8217;entrada gratu\u00efta.<\/p>\n\n\n\n<p style=\"text-align:left\">Manel Marzo-Mart s\u2019imposa com una figura important dins l\u2019art del nostre pa\u00eds, dins la l\u00ednia dels grans moderns cl\u00e0ssics. <\/p>\n\n\n\n<p>Gravador, pintor i escultor, ha forjat al llarg de cinc d\u00e8cades una obra forta i singular, reconeguda a primera vista.<\/p>\n\n\n\n<div class=\"wp-block-image\"><figure class=\"alignright is-resized\"><img loading=\"lazy\" decoding=\"async\" src=\"https:\/\/irla.cat\/casairla\/wp-content\/uploads\/2019\/01\/Inauguracio-Marzo-Mart-04-1.jpg\" alt=\"\" class=\"wp-image-891\" width=\"247\" height=\"176\" srcset=\"https:\/\/irla.cat\/casairla\/wp-content\/uploads\/2019\/01\/Inauguracio-Marzo-Mart-04-1.jpg 350w, https:\/\/irla.cat\/casairla\/wp-content\/uploads\/2019\/01\/Inauguracio-Marzo-Mart-04-1-300x214.jpg 300w\" sizes=\"auto, (max-width: 247px) 100vw, 247px\" \/><\/figure><\/div>\n\n\n\n<p>El seu vocabulari formal tendeix a la simplicitat. Equilibri i tensi\u00f3 en les seves composicions, on tot sembla miraculosament disposat correctament.<\/p>\n\n\n\n<p>La seva creativitat explosiva va tra\u00e7ant un ample solc constant, que distingeix la seva incansable recerca.<\/p>\n\n\n\n<p>L&#8217;obra de Marzo-Mart ha passat de ser figurativa en els seus inicis pict\u00f2rics a tendir a l&#8217;abstracci\u00f3 en les obres actuals, tant en pintura com en escultura, i ha tingut influ\u00e8ncies diverses: realisme, expressionisme, impressionisme, etc.<\/p>\n\n\n\n<div class=\"wp-block-image\"><figure class=\"alignleft is-resized\"><img loading=\"lazy\" decoding=\"async\" src=\"https:\/\/irla.cat\/casairla\/wp-content\/uploads\/2019\/01\/Inauguracio-Marzo-Mart-03-1.jpg\" alt=\"\" class=\"wp-image-895\" width=\"252\" height=\"180\" srcset=\"https:\/\/irla.cat\/casairla\/wp-content\/uploads\/2019\/01\/Inauguracio-Marzo-Mart-03-1.jpg 350w, https:\/\/irla.cat\/casairla\/wp-content\/uploads\/2019\/01\/Inauguracio-Marzo-Mart-03-1-300x214.jpg 300w\" sizes=\"auto, (max-width: 252px) 100vw, 252px\" \/><\/figure><\/div>\n\n\n\n<p>Marzo-Mart continua desenvolupant la seva activitat creativa als diferents \u00e0mbits pl\u00e0stics de la pintura, l\u2019escultura y el gravat. La seva obra transita de la figuraci\u00f3 al minimalisme, a la recerca d\u2019un significat substancial perqu\u00e8 cada pe\u00e7a ens suggereixi un m\u00f3n, evitant la falsedat del m\u00e8tode descriptiu.<\/p>\n\n\n\n<p>Les seves composicions abstractes mai s\u00f3n prou imprecises par deixar d\u2019expressar quelcom concret.<\/p>\n","protected":false},"excerpt":{"rendered":"<p>Dissabte 12 de gener el pintor i escultor Manuel Marzo-Mart va omplir la Casa Irla amb la inauguraci\u00f3 d&#8221;Abstracci\u00f3 Conceptual.<\/p>\n","protected":false},"author":1,"featured_media":879,"comment_status":"closed","ping_status":"closed","sticky":false,"template":"","format":"standard","meta":{"footnotes":""},"categories":[1],"tags":[],"class_list":["post-878","post","type-post","status-publish","format-standard","has-post-thumbnail","hentry","category-general"],"_links":{"self":[{"href":"https:\/\/irla.cat\/casairla\/wp-json\/wp\/v2\/posts\/878","targetHints":{"allow":["GET"]}}],"collection":[{"href":"https:\/\/irla.cat\/casairla\/wp-json\/wp\/v2\/posts"}],"about":[{"href":"https:\/\/irla.cat\/casairla\/wp-json\/wp\/v2\/types\/post"}],"author":[{"embeddable":true,"href":"https:\/\/irla.cat\/casairla\/wp-json\/wp\/v2\/users\/1"}],"replies":[{"embeddable":true,"href":"https:\/\/irla.cat\/casairla\/wp-json\/wp\/v2\/comments?post=878"}],"version-history":[{"count":13,"href":"https:\/\/irla.cat\/casairla\/wp-json\/wp\/v2\/posts\/878\/revisions"}],"predecessor-version":[{"id":901,"href":"https:\/\/irla.cat\/casairla\/wp-json\/wp\/v2\/posts\/878\/revisions\/901"}],"wp:featuredmedia":[{"embeddable":true,"href":"https:\/\/irla.cat\/casairla\/wp-json\/wp\/v2\/media\/879"}],"wp:attachment":[{"href":"https:\/\/irla.cat\/casairla\/wp-json\/wp\/v2\/media?parent=878"}],"wp:term":[{"taxonomy":"category","embeddable":true,"href":"https:\/\/irla.cat\/casairla\/wp-json\/wp\/v2\/categories?post=878"},{"taxonomy":"post_tag","embeddable":true,"href":"https:\/\/irla.cat\/casairla\/wp-json\/wp\/v2\/tags?post=878"}],"curies":[{"name":"wp","href":"https:\/\/api.w.org\/{rel}","templated":true}]}}