{"id":871,"date":"2019-01-07T11:40:36","date_gmt":"2019-01-07T10:40:36","guid":{"rendered":"https:\/\/irla.cat\/casairla\/?p=871"},"modified":"2019-01-07T11:41:31","modified_gmt":"2019-01-07T10:41:31","slug":"871","status":"publish","type":"post","link":"https:\/\/irla.cat\/casairla\/2019\/01\/07\/871\/","title":{"rendered":"Inauguraci\u00f3 de l&#8217;exposici\u00f3 &#8220;Abstracci\u00f3 Conceptual&#8221; de Marzo-Mart"},"content":{"rendered":"\n<p>El proper\u00a0dissabte dia 12 de gener a les 19 h\u00a0a la Casa Irla de Sant Feliu de Gu\u00edxols inaugurem l&#8217;exposici\u00f3 &#8220;Abstracci\u00f3 Conceptual&#8221; de Marzo-Mart.<br><br><br><\/p>\n\n\n\n<p>L&#8217;exposici\u00f3 de Marzo-Mart es podr\u00e0 visitar del 12 de gener al 3 de mar\u00e7.<\/p>\n\n\n\n<p>Marzo-MartManel Marzo-Mart s\u2019imposa com una figura important dins l\u2019art del nostre pa\u00eds, dins la l\u00ednia dels grans moderns cl\u00e0ssics. Gravador, pintor i escultor, ell ha forjat al llag de cinc d\u00e8cades una obra forta i singular, reconeguda a primera vista. <\/p>\n\n\n\n<p>Nombroses publicacions ho confirmen. Controlant el volum i l\u2019espai les seves escultures guarden la mateixa for\u00e7a evocativa a escala petita o monumental. <\/p>\n\n\n\n<p>El seu vocabulari formal tendeix a la simplicitat. Equilibri i tensi\u00f3 en les seves composicions, on tot sembla miraculosament disposat correctament. <\/p>\n\n\n\n<p>La seva creativitat explosiva va tra\u00e7ant un ample solc constant, que distingeix la seva incansable recerca.<br><\/p>\n","protected":false},"excerpt":{"rendered":"<p>El proper\u00a0dissabte dia 12 de gener a les 19 h\u00a0a la Casa Irla de Sant Feliu de Gu\u00edxols inaugurem l&#8217;exposici\u00f3<\/p>\n","protected":false},"author":1,"featured_media":873,"comment_status":"closed","ping_status":"closed","sticky":false,"template":"","format":"standard","meta":{"footnotes":""},"categories":[1],"tags":[],"class_list":["post-871","post","type-post","status-publish","format-standard","has-post-thumbnail","hentry","category-general"],"_links":{"self":[{"href":"https:\/\/irla.cat\/casairla\/wp-json\/wp\/v2\/posts\/871","targetHints":{"allow":["GET"]}}],"collection":[{"href":"https:\/\/irla.cat\/casairla\/wp-json\/wp\/v2\/posts"}],"about":[{"href":"https:\/\/irla.cat\/casairla\/wp-json\/wp\/v2\/types\/post"}],"author":[{"embeddable":true,"href":"https:\/\/irla.cat\/casairla\/wp-json\/wp\/v2\/users\/1"}],"replies":[{"embeddable":true,"href":"https:\/\/irla.cat\/casairla\/wp-json\/wp\/v2\/comments?post=871"}],"version-history":[{"count":5,"href":"https:\/\/irla.cat\/casairla\/wp-json\/wp\/v2\/posts\/871\/revisions"}],"predecessor-version":[{"id":877,"href":"https:\/\/irla.cat\/casairla\/wp-json\/wp\/v2\/posts\/871\/revisions\/877"}],"wp:featuredmedia":[{"embeddable":true,"href":"https:\/\/irla.cat\/casairla\/wp-json\/wp\/v2\/media\/873"}],"wp:attachment":[{"href":"https:\/\/irla.cat\/casairla\/wp-json\/wp\/v2\/media?parent=871"}],"wp:term":[{"taxonomy":"category","embeddable":true,"href":"https:\/\/irla.cat\/casairla\/wp-json\/wp\/v2\/categories?post=871"},{"taxonomy":"post_tag","embeddable":true,"href":"https:\/\/irla.cat\/casairla\/wp-json\/wp\/v2\/tags?post=871"}],"curies":[{"name":"wp","href":"https:\/\/api.w.org\/{rel}","templated":true}]}}