{"id":861,"date":"2018-12-03T10:05:16","date_gmt":"2018-12-03T09:05:16","guid":{"rendered":"https:\/\/irla.cat\/casairla\/?p=861"},"modified":"2018-12-03T10:05:16","modified_gmt":"2018-12-03T09:05:16","slug":"presentacio-de-sueno-suenos-rotos-de-carles-perez-villalba","status":"publish","type":"post","link":"https:\/\/irla.cat\/casairla\/2018\/12\/03\/presentacio-de-sueno-suenos-rotos-de-carles-perez-villalba\/","title":{"rendered":"Presentaci\u00f3 de &#8220;Sue\u00f1o&#8230;Sue\u00f1os rotos&#8221; de Carles P\u00e9rez-Villalba"},"content":{"rendered":"<p>Dissabte 15 de desembre a les 19h es far\u00e0 la presentaci\u00f3 de &#8220;Sue\u00f1o&#8230;Sue\u00f1os rotos&#8221; de Carles P\u00e9rez-Villalba.<\/p>\n<p><!--more--><\/p>\n<p>Qu\u00e8 cont\u00e9 Sue\u00f1o\u2026Sue\u00f1os Rotos?<\/p>\n<p>\u00c9s la hist\u00f2ria d\u2019una persona, noble, valenta, honesta, lluitadora, \u00e8tica, amb aquests qualificatius sembla fantasia, veritat? Doncs no. Ens quedem curts. El seu full de servei militar \u00e9s impressionant. Una carrera pol\u00edtic militar, trencada per respectar les lleis i per ser republic\u00e0, i ma\u00e7\u00f3.<\/p>\n<p>Est\u00e0 escrit des de la perspectiva psicol\u00f2gica, buscant l\u2019objectivitat i imparcialitat; que no sempre s\u2019aconsegueix. I tamb\u00e9 des del respecte.<\/p>\n<p>L\u2019obra t\u00e9 molts \u201cdetallets\u201d, perqu\u00e8 cada persona lectora atenta, tregui les seves conclusions.<\/p>\n<p>Dintre del treball hi ha hist\u00f2ries de rigorosa novetat, i altres dades que potser nom\u00e9s s\u00f3n conegudes pels experts en la hist\u00f2ria de la guerra civil i que passaran ara a ser de domini p\u00fablic.<\/p>\n<p>No \u00e9s un llibre de batalles, les quals s\u00f2l passar molt per sobre. \u00c9s un llibre del que hauria de ser un \u00e9sser hum\u00e0 normal, i en un context que el converteix en heroi.<\/p>\n<p>Alhora tamb\u00e9 defineix com ha estat la pol\u00edtica espanyola en aquest temps i en altres anteriors.<\/p>\n","protected":false},"excerpt":{"rendered":"<p>Dissabte 15 de desembre a les 19h es far\u00e0 la presentaci\u00f3 de &#8220;Sue\u00f1o&#8230;Sue\u00f1os rotos&#8221; de Carles P\u00e9rez-Villalba.<\/p>\n","protected":false},"author":1,"featured_media":862,"comment_status":"closed","ping_status":"closed","sticky":false,"template":"","format":"standard","meta":{"footnotes":""},"categories":[1],"tags":[],"class_list":["post-861","post","type-post","status-publish","format-standard","has-post-thumbnail","hentry","category-general"],"_links":{"self":[{"href":"https:\/\/irla.cat\/casairla\/wp-json\/wp\/v2\/posts\/861","targetHints":{"allow":["GET"]}}],"collection":[{"href":"https:\/\/irla.cat\/casairla\/wp-json\/wp\/v2\/posts"}],"about":[{"href":"https:\/\/irla.cat\/casairla\/wp-json\/wp\/v2\/types\/post"}],"author":[{"embeddable":true,"href":"https:\/\/irla.cat\/casairla\/wp-json\/wp\/v2\/users\/1"}],"replies":[{"embeddable":true,"href":"https:\/\/irla.cat\/casairla\/wp-json\/wp\/v2\/comments?post=861"}],"version-history":[{"count":1,"href":"https:\/\/irla.cat\/casairla\/wp-json\/wp\/v2\/posts\/861\/revisions"}],"predecessor-version":[{"id":863,"href":"https:\/\/irla.cat\/casairla\/wp-json\/wp\/v2\/posts\/861\/revisions\/863"}],"wp:featuredmedia":[{"embeddable":true,"href":"https:\/\/irla.cat\/casairla\/wp-json\/wp\/v2\/media\/862"}],"wp:attachment":[{"href":"https:\/\/irla.cat\/casairla\/wp-json\/wp\/v2\/media?parent=861"}],"wp:term":[{"taxonomy":"category","embeddable":true,"href":"https:\/\/irla.cat\/casairla\/wp-json\/wp\/v2\/categories?post=861"},{"taxonomy":"post_tag","embeddable":true,"href":"https:\/\/irla.cat\/casairla\/wp-json\/wp\/v2\/tags?post=861"}],"curies":[{"name":"wp","href":"https:\/\/api.w.org\/{rel}","templated":true}]}}