{"id":855,"date":"2018-11-07T09:06:16","date_gmt":"2018-11-07T08:06:16","guid":{"rendered":"https:\/\/irla.cat\/casairla\/?p=855"},"modified":"2018-11-09T09:12:12","modified_gmt":"2018-11-09T08:12:12","slug":"10-de-novembre-a-les-19-h-inauguracio-de-lexposicio-collectiva-xii-artistes-paisos-catalans","status":"publish","type":"post","link":"https:\/\/irla.cat\/casairla\/2018\/11\/07\/10-de-novembre-a-les-19-h-inauguracio-de-lexposicio-collectiva-xii-artistes-paisos-catalans\/","title":{"rendered":"10 de novembre a les 19 h inauguraci\u00f3 de l&#8217;exposici\u00f3 XII Artistes Pa\u00efsos Catalans"},"content":{"rendered":"<p>Del 10 de novembre al 6 de gener es podr\u00e0 veure a la Casa Irla l&#8217;exposici\u00f3 col\u00b7lectiva XX Artistes Pa\u00efsos Catalans.<\/p>\n<p>El vernissatge es far\u00e0 el dissabte 10 de novembre a les 19 h.<\/p>\n<p>Un total de 33 obres gr\u00e0fiques originals, entre litografies, serigrafies, reproducci\u00f3 digita i intervinguda i gravats acolorits a m\u00e0. Mides entre 50x40cm fins a 124x90cm.<\/p>\n<p>En aquesta exposici\u00f3 col\u00b7lectiva, hem fet una selecci\u00f3 d\u2019obra gr\u00e0fica original de tem\u00e0tica universal en diferents t\u00e8cniques (litografia, gravat i fotografia digital), realitzada per 22 artistes diferents, tots ells vinculats Pa\u00efsos Catalans i amb una s\u00f2lida projecci\u00f3 internacional.<\/p>\n<p>L\u2019obra gr\u00e0fica \u00e9s un concepte gen\u00e8ric que abasta un conjunt de diferents t\u00e8cniques desenvolupades al llarg de segles, des de les m\u00e9s tradicionals com la xilografia fins a les m\u00e9s modernes com la impressi\u00f3 digital. Totes elles neixen d\u2019una mateixa idea; la transfer\u00e8ncia de la imatge creada per l\u2019artista sobre una forma, que b\u00e9 pot ser una planxa met\u00e0l\u00b7lica, de fusta, de pedra, etc, a un suport generalment paper.<\/p>\n<p>L&#8217;entrada \u00e9s lliure i gratu\u00efta.<\/p>\n","protected":false},"excerpt":{"rendered":"<p>Del 10 de novembre al 6 de gener es podr\u00e0 veure a la Casa Irla l&#8217;exposici\u00f3 col\u00b7lectiva XX Artistes Pa\u00efsos<\/p>\n","protected":false},"author":1,"featured_media":856,"comment_status":"closed","ping_status":"closed","sticky":false,"template":"","format":"standard","meta":{"footnotes":""},"categories":[1],"tags":[],"class_list":["post-855","post","type-post","status-publish","format-standard","has-post-thumbnail","hentry","category-general"],"_links":{"self":[{"href":"https:\/\/irla.cat\/casairla\/wp-json\/wp\/v2\/posts\/855","targetHints":{"allow":["GET"]}}],"collection":[{"href":"https:\/\/irla.cat\/casairla\/wp-json\/wp\/v2\/posts"}],"about":[{"href":"https:\/\/irla.cat\/casairla\/wp-json\/wp\/v2\/types\/post"}],"author":[{"embeddable":true,"href":"https:\/\/irla.cat\/casairla\/wp-json\/wp\/v2\/users\/1"}],"replies":[{"embeddable":true,"href":"https:\/\/irla.cat\/casairla\/wp-json\/wp\/v2\/comments?post=855"}],"version-history":[{"count":3,"href":"https:\/\/irla.cat\/casairla\/wp-json\/wp\/v2\/posts\/855\/revisions"}],"predecessor-version":[{"id":859,"href":"https:\/\/irla.cat\/casairla\/wp-json\/wp\/v2\/posts\/855\/revisions\/859"}],"wp:featuredmedia":[{"embeddable":true,"href":"https:\/\/irla.cat\/casairla\/wp-json\/wp\/v2\/media\/856"}],"wp:attachment":[{"href":"https:\/\/irla.cat\/casairla\/wp-json\/wp\/v2\/media?parent=855"}],"wp:term":[{"taxonomy":"category","embeddable":true,"href":"https:\/\/irla.cat\/casairla\/wp-json\/wp\/v2\/categories?post=855"},{"taxonomy":"post_tag","embeddable":true,"href":"https:\/\/irla.cat\/casairla\/wp-json\/wp\/v2\/tags?post=855"}],"curies":[{"name":"wp","href":"https:\/\/api.w.org\/{rel}","templated":true}]}}