{"id":851,"date":"2018-11-05T13:42:08","date_gmt":"2018-11-05T12:42:08","guid":{"rendered":"https:\/\/irla.cat\/casairla\/?p=851"},"modified":"2018-11-05T13:42:24","modified_gmt":"2018-11-05T12:42:24","slug":"ramon-cotarelo-presenta-espana-quedo-atras","status":"publish","type":"post","link":"https:\/\/irla.cat\/casairla\/2018\/11\/05\/ramon-cotarelo-presenta-espana-quedo-atras\/","title":{"rendered":"Ram\u00f3n Cotarelo presenta el llibre &#8220;Espa\u00f1a qued\u00f3 atr\u00e1s&#8221;"},"content":{"rendered":"<p>Divendres 23 de novembre a les 19h Ram\u00f3n Cotarel\u00f3 presentar\u00e0 a la Casa Irla el seu llibre &#8220;Espa\u00f1a qued\u00f3 atr\u00e1s&#8221;.<\/p>\n<p><!--more--><\/p>\n<p>La gran riada del proc\u00e9s catal\u00e0 ha deixat al descobert la cimentaci\u00f3 involucionista sobre la qual s\u2019al\u00e7a l\u2019Estat espanyol i que l\u2019ha convertit en un Estat fallit.<\/p>\n<p>Amb la seva caracter\u00edstica perspic\u00e0cia, contund\u00e8ncia i coneixement de causa, Ram\u00f3n Cotarelo emmarca el Proc\u00e9s en un ampli context hist\u00f2ria i geopol\u00edtic, aix\u00ed com tamb\u00e9 fa una repassada als or\u00edgens de les desavinences entre Catalunya i Espanya i segueix el fil dels esdeveniments que van desembocar en l\u20191 d\u2019octubre, la proclamaci\u00f3 de la Rep\u00fablica Catalana i les posteriors eleccions del 21 de desembre sota el signe de l\u2019article 155.<\/p>\n","protected":false},"excerpt":{"rendered":"<p>Divendres 23 de novembre a les 19h Ram\u00f3n Cotarel\u00f3 presentar\u00e0 a la Casa Irla el seu llibre &#8220;Espa\u00f1a qued\u00f3 atr\u00e1s&#8221;.<\/p>\n","protected":false},"author":1,"featured_media":852,"comment_status":"closed","ping_status":"closed","sticky":false,"template":"","format":"standard","meta":{"footnotes":""},"categories":[1],"tags":[],"class_list":["post-851","post","type-post","status-publish","format-standard","has-post-thumbnail","hentry","category-general"],"_links":{"self":[{"href":"https:\/\/irla.cat\/casairla\/wp-json\/wp\/v2\/posts\/851","targetHints":{"allow":["GET"]}}],"collection":[{"href":"https:\/\/irla.cat\/casairla\/wp-json\/wp\/v2\/posts"}],"about":[{"href":"https:\/\/irla.cat\/casairla\/wp-json\/wp\/v2\/types\/post"}],"author":[{"embeddable":true,"href":"https:\/\/irla.cat\/casairla\/wp-json\/wp\/v2\/users\/1"}],"replies":[{"embeddable":true,"href":"https:\/\/irla.cat\/casairla\/wp-json\/wp\/v2\/comments?post=851"}],"version-history":[{"count":2,"href":"https:\/\/irla.cat\/casairla\/wp-json\/wp\/v2\/posts\/851\/revisions"}],"predecessor-version":[{"id":854,"href":"https:\/\/irla.cat\/casairla\/wp-json\/wp\/v2\/posts\/851\/revisions\/854"}],"wp:featuredmedia":[{"embeddable":true,"href":"https:\/\/irla.cat\/casairla\/wp-json\/wp\/v2\/media\/852"}],"wp:attachment":[{"href":"https:\/\/irla.cat\/casairla\/wp-json\/wp\/v2\/media?parent=851"}],"wp:term":[{"taxonomy":"category","embeddable":true,"href":"https:\/\/irla.cat\/casairla\/wp-json\/wp\/v2\/categories?post=851"},{"taxonomy":"post_tag","embeddable":true,"href":"https:\/\/irla.cat\/casairla\/wp-json\/wp\/v2\/tags?post=851"}],"curies":[{"name":"wp","href":"https:\/\/api.w.org\/{rel}","templated":true}]}}