{"id":847,"date":"2018-10-25T12:09:45","date_gmt":"2018-10-25T10:09:45","guid":{"rendered":"https:\/\/irla.cat\/casairla\/?p=847"},"modified":"2018-10-15T12:14:00","modified_gmt":"2018-10-15T10:14:00","slug":"diumenge-teatre-a-porta-tancada-de-la-companyia-el-finestral","status":"publish","type":"post","link":"https:\/\/irla.cat\/casairla\/2018\/10\/25\/diumenge-teatre-a-porta-tancada-de-la-companyia-el-finestral\/","title":{"rendered":"Diumenge teatre &#8220;A porta tancada&#8221; de la companyia El Finestral"},"content":{"rendered":"<p>El proper diumenge dia 28 d&#8217;octubre a les 19 h presentem l&#8217;obra de Teatre &#8220;A porta tancada&#8221; de la companyia El Finestral.<\/p>\n<p><!--more--><\/p>\n<p>La companyia de teatre el Finestral del Baix Empord\u00e0 \u00e9s un petit grup de teatre amateur que hanHem preparat l&#8217;obra \u201cA porta tancada\u201d basada en l\u2019obra existencialista de Jean Paul Sartre.<\/p>\n<p>L&#8217;obra est\u00e0 adaptada a un registre molt col\u00b7loquial i amb una durada de 50 minuts, on es tracten com les nostres decisions i actes en la nostra vida no nom\u00e9s marquen el nostre dest\u00ed, sin\u00f3 que tamb\u00e9 la nostra mort.<\/p>\n<p>La companyia el Finestral del Baix Empord\u00e0 defineix l&#8217;obra com: &#8220;Som els nostres actes, no importa el que pensem, somiem o renunciem, la nostra vida i la nostra mort ve definida pel que hem fet al llarg de la nostra vida: tot passa factura, un dia o altre toca pagar-ho&#8221;.<\/p>\n<p>L&#8217;entrada \u00e9s gratu\u00efta<\/p>\n<p>&nbsp;<\/p>\n","protected":false},"excerpt":{"rendered":"<p>El proper diumenge dia 28 d&#8217;octubre a les 19 h presentem l&#8217;obra de Teatre &#8220;A porta tancada&#8221; de la companyia<\/p>\n","protected":false},"author":1,"featured_media":848,"comment_status":"closed","ping_status":"closed","sticky":false,"template":"","format":"standard","meta":{"footnotes":""},"categories":[1],"tags":[],"class_list":["post-847","post","type-post","status-publish","format-standard","has-post-thumbnail","hentry","category-general"],"_links":{"self":[{"href":"https:\/\/irla.cat\/casairla\/wp-json\/wp\/v2\/posts\/847","targetHints":{"allow":["GET"]}}],"collection":[{"href":"https:\/\/irla.cat\/casairla\/wp-json\/wp\/v2\/posts"}],"about":[{"href":"https:\/\/irla.cat\/casairla\/wp-json\/wp\/v2\/types\/post"}],"author":[{"embeddable":true,"href":"https:\/\/irla.cat\/casairla\/wp-json\/wp\/v2\/users\/1"}],"replies":[{"embeddable":true,"href":"https:\/\/irla.cat\/casairla\/wp-json\/wp\/v2\/comments?post=847"}],"version-history":[{"count":1,"href":"https:\/\/irla.cat\/casairla\/wp-json\/wp\/v2\/posts\/847\/revisions"}],"predecessor-version":[{"id":849,"href":"https:\/\/irla.cat\/casairla\/wp-json\/wp\/v2\/posts\/847\/revisions\/849"}],"wp:featuredmedia":[{"embeddable":true,"href":"https:\/\/irla.cat\/casairla\/wp-json\/wp\/v2\/media\/848"}],"wp:attachment":[{"href":"https:\/\/irla.cat\/casairla\/wp-json\/wp\/v2\/media?parent=847"}],"wp:term":[{"taxonomy":"category","embeddable":true,"href":"https:\/\/irla.cat\/casairla\/wp-json\/wp\/v2\/categories?post=847"},{"taxonomy":"post_tag","embeddable":true,"href":"https:\/\/irla.cat\/casairla\/wp-json\/wp\/v2\/tags?post=847"}],"curies":[{"name":"wp","href":"https:\/\/api.w.org\/{rel}","templated":true}]}}