{"id":843,"date":"2018-10-19T12:03:58","date_gmt":"2018-10-19T10:03:58","guid":{"rendered":"https:\/\/irla.cat\/casairla\/?p=843"},"modified":"2018-10-15T12:09:30","modified_gmt":"2018-10-15T10:09:30","slug":"concert-de-josep-andujar-se-a-la-casa-irla","status":"publish","type":"post","link":"https:\/\/irla.cat\/casairla\/2018\/10\/19\/concert-de-josep-andujar-se-a-la-casa-irla\/","title":{"rendered":"Concert de Josep And\u00fajar &#8220;S\u00e9&#8221; a la Casa Irla"},"content":{"rendered":"<p>El proper divendres dia 26 d&#8217;octubre a les 22 h concert de Josep And\u00fajar &#8220;S\u00e9&#8221; amb l&#8217;entrafa gratu\u00efta.<\/p>\n<p><!--more--><\/p>\n<div>El cantautor ganx\u00f3 Josep And\u00fajar \u201cS\u00e9 \u201coferir\u00e0 un concert combinat de can\u00e7ons pr\u00f2pies interpretades amb el seu estil personal i directe.<\/div>\n<div><\/div>\n<div>No hi faltaran peces inspirades en el Sant Feliu m\u00e9s mariner farcides de paisatges i personatges populars del m\u00f3n de la pesca i de les tavernes, les balades m\u00e9s emotives i intimistes que transporten a l\u2019espectador a reviure viv\u00e8ncies pr\u00f2pies, les composicions m\u00e9s costumistes i l\u2019apartat participatiu amb continguts humor\u00edstics i surrealistes.<\/div>\n<div><\/div>\n<div>De ben segur que en la relaci\u00f3 de can\u00e7ons escollides avan\u00e7ar\u00e0 algunes peces del seu nov\u00e8 disc, que est\u00e0 a punt d\u2019enregistrar, que s\u2019anomenar\u00e0 \u201cAmorimar\u201d.<\/div>\n<p>&nbsp;<\/p>\n","protected":false},"excerpt":{"rendered":"<p>El proper divendres dia 26 d&#8217;octubre a les 22 h concert de Josep And\u00fajar &#8220;S\u00e9&#8221; amb l&#8217;entrafa gratu\u00efta.<\/p>\n","protected":false},"author":1,"featured_media":845,"comment_status":"closed","ping_status":"closed","sticky":false,"template":"","format":"standard","meta":{"footnotes":""},"categories":[1],"tags":[],"class_list":["post-843","post","type-post","status-publish","format-standard","has-post-thumbnail","hentry","category-general"],"_links":{"self":[{"href":"https:\/\/irla.cat\/casairla\/wp-json\/wp\/v2\/posts\/843","targetHints":{"allow":["GET"]}}],"collection":[{"href":"https:\/\/irla.cat\/casairla\/wp-json\/wp\/v2\/posts"}],"about":[{"href":"https:\/\/irla.cat\/casairla\/wp-json\/wp\/v2\/types\/post"}],"author":[{"embeddable":true,"href":"https:\/\/irla.cat\/casairla\/wp-json\/wp\/v2\/users\/1"}],"replies":[{"embeddable":true,"href":"https:\/\/irla.cat\/casairla\/wp-json\/wp\/v2\/comments?post=843"}],"version-history":[{"count":1,"href":"https:\/\/irla.cat\/casairla\/wp-json\/wp\/v2\/posts\/843\/revisions"}],"predecessor-version":[{"id":846,"href":"https:\/\/irla.cat\/casairla\/wp-json\/wp\/v2\/posts\/843\/revisions\/846"}],"wp:featuredmedia":[{"embeddable":true,"href":"https:\/\/irla.cat\/casairla\/wp-json\/wp\/v2\/media\/845"}],"wp:attachment":[{"href":"https:\/\/irla.cat\/casairla\/wp-json\/wp\/v2\/media?parent=843"}],"wp:term":[{"taxonomy":"category","embeddable":true,"href":"https:\/\/irla.cat\/casairla\/wp-json\/wp\/v2\/categories?post=843"},{"taxonomy":"post_tag","embeddable":true,"href":"https:\/\/irla.cat\/casairla\/wp-json\/wp\/v2\/tags?post=843"}],"curies":[{"name":"wp","href":"https:\/\/api.w.org\/{rel}","templated":true}]}}