{"id":839,"date":"2018-10-08T10:21:35","date_gmt":"2018-10-08T08:21:35","guid":{"rendered":"https:\/\/irla.cat\/casairla\/?p=839"},"modified":"2018-10-08T10:21:35","modified_gmt":"2018-10-08T08:21:35","slug":"presentacio-republica-pagesa","status":"publish","type":"post","link":"https:\/\/irla.cat\/casairla\/2018\/10\/08\/presentacio-republica-pagesa\/","title":{"rendered":"Presentaci\u00f3 de &#8220;Rep\u00fablica pagesa&#8221; de Montserrat Tura"},"content":{"rendered":"<p>El proper dia 20 d&#8217;octubre a les 19h a la Casa Irla de Sant Feliu de Gu\u00edxols presentem el llibre &#8220;Rep\u00fablica pagesa&#8221; de la Montserrat Tura.<\/p>\n<p><!--more--><\/p>\n<p>\u201cRep\u00fablica pagesa\u201d premi d\u2019assaig Carles Rahola, escrit per Montserrat Tura trena els esdeveniments vinculats a la reivindicaci\u00f3 catalanista, la participaci\u00f3 del moviment rabassaire en aquests fets i el relat de la vida d\u2019una fam\u00edlia compromesa amb les dues causes, la de Feliu Tura i Valldeoriola, responsable del moviment cooperatiu de la Uni\u00f3 de Rabassaires i avi de l\u2019autora.<\/p>\n<p>\u00c9s la hist\u00f2ria dels pagesos sense terres pr\u00f2pies, que conreaven parcel\u00b7les arrendades pel contracte de rabassa morta. Despr\u00e9s de la crisi del camp catal\u00e0 amb la plaga de la fil\u00b7loxera aquests pagesos, lluny d\u2019instal\u00b7lar-se en el plany i la queixa van organitzar-se en cooperatives autogestionades i aplicaren pol\u00edtiques socialment molt avan\u00e7ades.<\/p>\n<p>La seva capacitat aglutinadora els va convertir en un instrument de canvi social i en un agent d\u2019intervenci\u00f3 pol\u00edtica que va fer possible la vict\u00f2ria del republicanisme popular en la d\u00e8cada dels anys trenta.<\/p>\n<p>\u00c9s la hist\u00f2ria de persones humils que sembraren ideals de llibertat i conrearen la intel\u00b7lig\u00e8ncia com a eina d\u2019emancipaci\u00f3.<\/p>\n<p>&nbsp;<\/p>\n","protected":false},"excerpt":{"rendered":"<p>El proper dia 20 d&#8217;octubre a les 19h a la Casa Irla de Sant Feliu de Gu\u00edxols presentem el llibre<\/p>\n","protected":false},"author":1,"featured_media":840,"comment_status":"closed","ping_status":"closed","sticky":false,"template":"","format":"standard","meta":{"footnotes":""},"categories":[1],"tags":[],"class_list":["post-839","post","type-post","status-publish","format-standard","has-post-thumbnail","hentry","category-general"],"_links":{"self":[{"href":"https:\/\/irla.cat\/casairla\/wp-json\/wp\/v2\/posts\/839","targetHints":{"allow":["GET"]}}],"collection":[{"href":"https:\/\/irla.cat\/casairla\/wp-json\/wp\/v2\/posts"}],"about":[{"href":"https:\/\/irla.cat\/casairla\/wp-json\/wp\/v2\/types\/post"}],"author":[{"embeddable":true,"href":"https:\/\/irla.cat\/casairla\/wp-json\/wp\/v2\/users\/1"}],"replies":[{"embeddable":true,"href":"https:\/\/irla.cat\/casairla\/wp-json\/wp\/v2\/comments?post=839"}],"version-history":[{"count":1,"href":"https:\/\/irla.cat\/casairla\/wp-json\/wp\/v2\/posts\/839\/revisions"}],"predecessor-version":[{"id":841,"href":"https:\/\/irla.cat\/casairla\/wp-json\/wp\/v2\/posts\/839\/revisions\/841"}],"wp:featuredmedia":[{"embeddable":true,"href":"https:\/\/irla.cat\/casairla\/wp-json\/wp\/v2\/media\/840"}],"wp:attachment":[{"href":"https:\/\/irla.cat\/casairla\/wp-json\/wp\/v2\/media?parent=839"}],"wp:term":[{"taxonomy":"category","embeddable":true,"href":"https:\/\/irla.cat\/casairla\/wp-json\/wp\/v2\/categories?post=839"},{"taxonomy":"post_tag","embeddable":true,"href":"https:\/\/irla.cat\/casairla\/wp-json\/wp\/v2\/tags?post=839"}],"curies":[{"name":"wp","href":"https:\/\/api.w.org\/{rel}","templated":true}]}}