{"id":835,"date":"2018-09-24T09:41:30","date_gmt":"2018-09-24T07:41:30","guid":{"rendered":"https:\/\/irla.cat\/casairla\/?p=835"},"modified":"2018-09-24T09:41:30","modified_gmt":"2018-09-24T07:41:30","slug":"presentacio-del-llibre-la-nena-que-volia-dibuixar-de-roser-capdevila","status":"publish","type":"post","link":"https:\/\/irla.cat\/casairla\/2018\/09\/24\/presentacio-del-llibre-la-nena-que-volia-dibuixar-de-roser-capdevila\/","title":{"rendered":"Presentaci\u00f3 del llibre &#8220;La nena que volia dibuixar&#8221; de Roser Capdevila"},"content":{"rendered":"<p>Dissabte dia 29 de setembre a les 19h es presentar\u00e0 el llibre &#8220;La nena que volia dibuixar. Els meus petits records de postguerra&#8221; de Roser Capdevila.<\/p>\n<p><!--more--><\/p>\n<p>La inf\u00e0ncia a la grisa postguerra, segons Roser Capdevila<\/p>\n<p>La nena que volia dibuixar \u00e9s un retrat espl\u00e8ndid de la vida quotidiana durant el primer franquisme: des de les manies, aficions i rutines de cada membre de la fam\u00edlia, l\u2019educaci\u00f3 de les noies, passant per la grisor de l\u2019escola, la religi\u00f3 tan present arreu, i les avorrides relacions socials, fins als moments de llibertat que suposaven els jocs, els dies assenyalats o les excursions amb els amics.<\/p>\n<p>Roser Capdevila, amb els seus extraordinaris dibuixos i textos, fa dels records particulars records universals. Ens traslladen, amb una mirada tendra i detallista, no exempta de cr\u00edtica, a una societat r\u00f2nega i estreta, que lentament va anar modernitzant-se amb l\u2019arribada de nous electrodom\u00e8stics i de nous costums.<\/p>\n<p>Nascuda a punt d\u2019acabar la guerra civil, Roser Capdevila ha mantingut frescos a la mem\u00f2ria els detalls significatius, el mat\u00eds prec\u00eds, les an\u00e8cdotes reveladores que expliquen com era el pa\u00eds i la gent.<\/p>\n<p>&nbsp;<\/p>\n","protected":false},"excerpt":{"rendered":"<p>Dissabte dia 29 de setembre a les 19h es presentar\u00e0 el llibre &#8220;La nena que volia dibuixar. Els meus petits<\/p>\n","protected":false},"author":1,"featured_media":836,"comment_status":"closed","ping_status":"closed","sticky":false,"template":"","format":"standard","meta":{"footnotes":""},"categories":[1],"tags":[],"class_list":["post-835","post","type-post","status-publish","format-standard","has-post-thumbnail","hentry","category-general"],"_links":{"self":[{"href":"https:\/\/irla.cat\/casairla\/wp-json\/wp\/v2\/posts\/835","targetHints":{"allow":["GET"]}}],"collection":[{"href":"https:\/\/irla.cat\/casairla\/wp-json\/wp\/v2\/posts"}],"about":[{"href":"https:\/\/irla.cat\/casairla\/wp-json\/wp\/v2\/types\/post"}],"author":[{"embeddable":true,"href":"https:\/\/irla.cat\/casairla\/wp-json\/wp\/v2\/users\/1"}],"replies":[{"embeddable":true,"href":"https:\/\/irla.cat\/casairla\/wp-json\/wp\/v2\/comments?post=835"}],"version-history":[{"count":1,"href":"https:\/\/irla.cat\/casairla\/wp-json\/wp\/v2\/posts\/835\/revisions"}],"predecessor-version":[{"id":837,"href":"https:\/\/irla.cat\/casairla\/wp-json\/wp\/v2\/posts\/835\/revisions\/837"}],"wp:featuredmedia":[{"embeddable":true,"href":"https:\/\/irla.cat\/casairla\/wp-json\/wp\/v2\/media\/836"}],"wp:attachment":[{"href":"https:\/\/irla.cat\/casairla\/wp-json\/wp\/v2\/media?parent=835"}],"wp:term":[{"taxonomy":"category","embeddable":true,"href":"https:\/\/irla.cat\/casairla\/wp-json\/wp\/v2\/categories?post=835"},{"taxonomy":"post_tag","embeddable":true,"href":"https:\/\/irla.cat\/casairla\/wp-json\/wp\/v2\/tags?post=835"}],"curies":[{"name":"wp","href":"https:\/\/api.w.org\/{rel}","templated":true}]}}