{"id":827,"date":"2018-09-12T10:29:22","date_gmt":"2018-09-12T08:29:22","guid":{"rendered":"https:\/\/irla.cat\/casairla\/?p=827"},"modified":"2018-09-12T10:29:22","modified_gmt":"2018-09-12T08:29:22","slug":"xerrada-sobre-la-figura-politica-de-josep-irla-amb-joan-tarda","status":"publish","type":"post","link":"https:\/\/irla.cat\/casairla\/2018\/09\/12\/xerrada-sobre-la-figura-politica-de-josep-irla-amb-joan-tarda\/","title":{"rendered":"Xerrada sobre la figura pol\u00edtica de Josep Irla amb Joan Tard\u00e0"},"content":{"rendered":"<p>El proper dissabte 15 de setembre a les 19h es far\u00e0 a la Casa Irla una xerrada sobre la figura pol\u00edtica de Josep Irla amb Merc\u00e8 Morales i Joan Tard\u00e0.<\/p>\n<p><!--more--><\/p>\n<p>Josep Irla i Bosch\u00a0(Sant Feliu de Gu\u00edxols,\u00a024 d&#8217;octubre\u00a0de 1876 \u2013 Sant Raf\u00e8u, Proven\u00e7a,\u00a019 de setembre\u00a0de 1958) fou un pol\u00edtic catal\u00e0 i\u00a0President de la Generalitat de Catalunya. Darrer President del\u00a0Parlament de Catalunya\u00a0(1938), despr\u00e9s de l&#8217;afusellament de\u00a0Llu\u00eds Companys\u00a0assum\u00ed la presid\u00e8ncia de la Generalitat de Catalunya en l&#8217;exili (1940-1954).<\/p>\n<p>Els primers anys del seu mandat estigueren marcats per un context enormement advers, amb fortes limitacions per a una m\u00ednima actuaci\u00f3 institucional derivades de la\u00a0Segona Guerra mundial\u00a0en curs, la di\u00e0spora dels exiliats catalans i el perill permanent per als que es mantenien en territori franc\u00e8s, les diverg\u00e8ncies estrat\u00e8giques no ja dins de les forces republicanes, sin\u00f3 dins de la mateixa Esquerra, juntament amb la migradesa de recursos econ\u00f2mics.<\/p>\n<p>En la clandestinitat el president Irla mantenia contactes amb els catalans dispersos per tot Fran\u00e7a; un cop allunyada la guerra del territori franc\u00e8s, nomen\u00e0 a principis de 1945 un Consell Assessor de la Presid\u00e8ncia de la Generalitat que prengu\u00e9 possessi\u00f3 el gener seg\u00fcent amb la funci\u00f3 de preparar les tasques d&#8217;un futur govern catal\u00e0 i que estava estructurat per departaments governamentals. El setembre de 1945, nomen\u00e0 el govern de la Generalitat a l&#8217;exili format per personalitats, tot i que sense carteres espec\u00edfiques, i que fou l&#8217;\u00fanic que exist\u00ed. La incorporaci\u00f3 de\u00a0Carles Pi i Sunyer, fins aleshores impulsor del\u00a0Consell Nacional de Catalunya\u00a0de Londres, permet\u00e9 tancar definitivament la dualitat que havia existit els anys anteriors entre aquest organisme (que es considerava successor del creat per Companys el 1940 a Par\u00eds i que havia defensat posicions m\u00e9s rupturistes) i la Presid\u00e8ncia i el seu entorn m\u00e9s immediat; tamb\u00e9 formaren part del govern\u00a0Pompeu Fabra,\u00a0Antoni Rovira i Virgili,\u00a0Josep Carner,\u00a0Joan Comorera,\u00a0Manuel Serra i Moret\u00a0i\u00a0Pau Padr\u00f3.<\/p>\n<p>L&#8217;abril de 1954 nomen\u00e0\u00a0Josep Tarradellas i Joan,\u00a0aleshores secretari general d&#8217;Esquerra, conseller primer; poc despr\u00e9s, amb 78 anys, &#8220;vell, malalt i pobre&#8221;, segons les seves pr\u00f2pies paraules, va prendre una decisi\u00f3 important: el 7 de maig del 1954, signava a Par\u00eds una lletra adre\u00e7ada a Josep Tarradellas, en la qual li comunicava que es veia obligat a renunciar al c\u00e0rrec de president de la Generalitat i demanava que es proced\u00eds a l&#8217;elecci\u00f3 d&#8217;un nou president; el 5 d&#8217;agost de 1954, els\u00a0diputats del Parlament de Catalunya\u00a0reunits a l&#8217;ambaixada de la Rep\u00fablica espanyola a M\u00e8xic elegiren Josep Tarradellas com a nou president de la Generalitat.<\/p>\n<p>Josep Irla mor\u00ed el 19 de setembre del 1958, quan li faltava poc per complir vuitanta-dos anys, a\u00a0Sant Raf\u00e8u\u00a0(Proven\u00e7a).<\/p>\n<p>Josep Irla, dotat d&#8217;un rostre de faccions dures, no va ser un gran orador ni un personatge carism\u00e0tic, per\u00f2 s\u00ed un pol\u00edtic gestor i eficient, de gran integritat, que sab\u00e9 connectar amb importants sectors de la societat catalana del moment (guany\u00e0 totes les eleccions, de divers nivell, a qu\u00e8 es present\u00e0), i que mantingu\u00e9 la continu\u00eftat de les institucions (primer la Presid\u00e8ncia del Parlament de Catalunya i despr\u00e9s la Generalitat) en uns moments d&#8217;enorme adversitat.<\/p>\n","protected":false},"excerpt":{"rendered":"<p>El proper dissabte 15 de setembre a les 19h es far\u00e0 a la Casa Irla una xerrada sobre la figura<\/p>\n","protected":false},"author":1,"featured_media":828,"comment_status":"closed","ping_status":"closed","sticky":false,"template":"","format":"standard","meta":{"footnotes":""},"categories":[1],"tags":[],"class_list":["post-827","post","type-post","status-publish","format-standard","has-post-thumbnail","hentry","category-general"],"_links":{"self":[{"href":"https:\/\/irla.cat\/casairla\/wp-json\/wp\/v2\/posts\/827","targetHints":{"allow":["GET"]}}],"collection":[{"href":"https:\/\/irla.cat\/casairla\/wp-json\/wp\/v2\/posts"}],"about":[{"href":"https:\/\/irla.cat\/casairla\/wp-json\/wp\/v2\/types\/post"}],"author":[{"embeddable":true,"href":"https:\/\/irla.cat\/casairla\/wp-json\/wp\/v2\/users\/1"}],"replies":[{"embeddable":true,"href":"https:\/\/irla.cat\/casairla\/wp-json\/wp\/v2\/comments?post=827"}],"version-history":[{"count":1,"href":"https:\/\/irla.cat\/casairla\/wp-json\/wp\/v2\/posts\/827\/revisions"}],"predecessor-version":[{"id":829,"href":"https:\/\/irla.cat\/casairla\/wp-json\/wp\/v2\/posts\/827\/revisions\/829"}],"wp:featuredmedia":[{"embeddable":true,"href":"https:\/\/irla.cat\/casairla\/wp-json\/wp\/v2\/media\/828"}],"wp:attachment":[{"href":"https:\/\/irla.cat\/casairla\/wp-json\/wp\/v2\/media?parent=827"}],"wp:term":[{"taxonomy":"category","embeddable":true,"href":"https:\/\/irla.cat\/casairla\/wp-json\/wp\/v2\/categories?post=827"},{"taxonomy":"post_tag","embeddable":true,"href":"https:\/\/irla.cat\/casairla\/wp-json\/wp\/v2\/tags?post=827"}],"curies":[{"name":"wp","href":"https:\/\/api.w.org\/{rel}","templated":true}]}}