{"id":817,"date":"2018-09-06T11:12:36","date_gmt":"2018-09-06T09:12:36","guid":{"rendered":"https:\/\/irla.cat\/casairla\/?p=817"},"modified":"2018-09-06T11:14:22","modified_gmt":"2018-09-06T09:14:22","slug":"inauguracio-de-lexposicio-blauzonen-duwe-geest","status":"publish","type":"post","link":"https:\/\/irla.cat\/casairla\/2018\/09\/06\/inauguracio-de-lexposicio-blauzonen-duwe-geest\/","title":{"rendered":"Inauguraci\u00f3 de l&#8217;exposici\u00f3 &#8220;Blauzonen&#8221; d&#8217;Uwe Geest"},"content":{"rendered":"<div>El dissabte 8 de setembre a les 19 h es far\u00e0 el vernissatge de l&#8217;exposici\u00f3 &#8220;Blauzonen&#8221; d&#8217;Uwe Geest que es podr\u00e0 veure a la Casa Irla del 8 de setembre al 4 de novembre.<\/div>\n<p><!--more--><\/p>\n<div>\u201cZones blaves\u201d \u00e9s el t\u00edtol de la meva exposici\u00f3 dedicada al mar. El de la meva infantesa, el mar B\u00e0ltic i el de la meva arribada fa mig segle a Catalunya, el mar Mediterrani.<\/div>\n<div>Segons ha explicat el pr\u00f2pi artista &#8220;La sorra, que forma part de les meves creacions des de l\u2019any 1979, es converteix en un element pict\u00f2ric i tanmateix simb\u00f2lic, unint passat i futur i engendra en la superf\u00edcie plana una irisaci\u00f3 tr\u00e8mula de llum, creant atmosferes i sensacions que permeten diferents lectures i interpretacions&#8221;.<\/div>\n<div><\/div>\n<div><\/div>\n","protected":false},"excerpt":{"rendered":"<p>El dissabte 8 de setembre a les 19 h es far\u00e0 el vernissatge de l&#8217;exposici\u00f3 &#8220;Blauzonen&#8221; d&#8217;Uwe Geest que es<\/p>\n","protected":false},"author":1,"featured_media":818,"comment_status":"closed","ping_status":"closed","sticky":false,"template":"","format":"standard","meta":{"footnotes":""},"categories":[1],"tags":[],"class_list":["post-817","post","type-post","status-publish","format-standard","has-post-thumbnail","hentry","category-general"],"_links":{"self":[{"href":"https:\/\/irla.cat\/casairla\/wp-json\/wp\/v2\/posts\/817","targetHints":{"allow":["GET"]}}],"collection":[{"href":"https:\/\/irla.cat\/casairla\/wp-json\/wp\/v2\/posts"}],"about":[{"href":"https:\/\/irla.cat\/casairla\/wp-json\/wp\/v2\/types\/post"}],"author":[{"embeddable":true,"href":"https:\/\/irla.cat\/casairla\/wp-json\/wp\/v2\/users\/1"}],"replies":[{"embeddable":true,"href":"https:\/\/irla.cat\/casairla\/wp-json\/wp\/v2\/comments?post=817"}],"version-history":[{"count":2,"href":"https:\/\/irla.cat\/casairla\/wp-json\/wp\/v2\/posts\/817\/revisions"}],"predecessor-version":[{"id":820,"href":"https:\/\/irla.cat\/casairla\/wp-json\/wp\/v2\/posts\/817\/revisions\/820"}],"wp:featuredmedia":[{"embeddable":true,"href":"https:\/\/irla.cat\/casairla\/wp-json\/wp\/v2\/media\/818"}],"wp:attachment":[{"href":"https:\/\/irla.cat\/casairla\/wp-json\/wp\/v2\/media?parent=817"}],"wp:term":[{"taxonomy":"category","embeddable":true,"href":"https:\/\/irla.cat\/casairla\/wp-json\/wp\/v2\/categories?post=817"},{"taxonomy":"post_tag","embeddable":true,"href":"https:\/\/irla.cat\/casairla\/wp-json\/wp\/v2\/tags?post=817"}],"curies":[{"name":"wp","href":"https:\/\/api.w.org\/{rel}","templated":true}]}}