{"id":812,"date":"2018-06-27T10:44:49","date_gmt":"2018-06-27T08:44:49","guid":{"rendered":"https:\/\/irla.cat\/casairla\/?p=812"},"modified":"2018-06-27T10:45:04","modified_gmt":"2018-06-27T08:45:04","slug":"paisatges-de-mar-i-muntanya","status":"publish","type":"post","link":"https:\/\/irla.cat\/casairla\/2018\/06\/27\/paisatges-de-mar-i-muntanya\/","title":{"rendered":"Exposici\u00f3 &#8220;Paisatges de mar i muntanya&#8221; de Rosa Torres"},"content":{"rendered":"<p>Dissabte dia 7 de juliol a les 19 h inaugurem a la Casa Irla l&#8217;exposici\u00f3 de la Rosa Torres &#8220;Paisatges de mar i muntanya&#8221;.<br \/>\n<!--more--><\/p>\n<p>Del 7 de juliol al 2 de setembre podeu veure a l&#8217;obra \u00b7Paisatges de mar i muntanya&#8221; de Rosa Torres.<\/p>\n<p>El treball per s\u00e8ries ha estat una constant en Rosa Torres des dels primers anys de la d\u00e8cada dels setanta. Per\u00f2 les s\u00e8ries no sempre han tingut un desenrotllament cronol\u00f2gic i lineal: amb el pas del temps pot descobrir en alguna s\u00e8rie antiga noves opcions pict\u00f2riques aix\u00ed com solucions diferents.<\/p>\n<p>El seu m\u00e8tode de treball consisteix en l\u2019elecci\u00f3 pr\u00e8via d\u2019un tema amb forta motivaci\u00f3 est\u00e8tica, realitzant a continuaci\u00f3 nombrosos esquemes preparatoris de qu\u00e8 van sorgint les distintes possibilitats de representaci\u00f3. En un estadi posterior, despreciant part de l\u2019anterior treball, selecciona els esbossos amb major for\u00e7a compositiva. Repetint el mateix motiu les composicions es depuren. Simplifiquen i esquematitzen cada vegada m\u00e9s, utilitzant progressivament els m\u00ednims elements possibles, colors, l\u00ednies&#8230; mantenint-se \u00fanicament l\u2019ess\u00e8ncia de la representaci\u00f3.<\/p>\n<p>La clau del m\u00e8tode consisteix a fer que la imatge siga cada vegada m\u00e9s subtil i rotunda, encara que mantenint la suficient capacitat de representaci\u00f3 perqu\u00e8 l\u2019espectador la identifiqui i participi de l\u2019emoci\u00f3 que la va originar. Podria dir-se que el tema \u00e9s el motiu pel qual Rosa Torres inicia el seu treball, l\u2019excusa inicial, per\u00f2 que, finalment acaba imposant a cada obra la seua pr\u00f2pia estructura i composici\u00f3 pict\u00f2rica al marge del tema, encara que conservant la seua ess\u00e8ncia origin\u00e0ria.<\/p>\n<p>Aquesta exposici\u00f3 compr\u00e8n dos d\u2019aquestes s\u00e8ries: Paisatges de mar i Paisatges de muntanya. La selecci\u00f3 d\u2019aquests motius es deu en gran part al seu amic i galerista Joan Planellas de Tossa de Mar, prematurament difunt, que la va animar a captar i representar la bellesa que tanquen els racons de la seua volguda Costa Brava, molts dels quals es presenten en aquesta mostra.<\/p>\n<p>L\u2019obra de Rosa Torres ha sigut objecte de diversos estudis i assajos que figuren en la seua bibliografia.<\/p>\n<p>&nbsp;<\/p>\n","protected":false},"excerpt":{"rendered":"<p>Dissabte dia 7 de juliol a les 19 h inaugurem a la Casa Irla l&#8217;exposici\u00f3 de la Rosa Torres &#8220;Paisatges<\/p>\n","protected":false},"author":1,"featured_media":813,"comment_status":"closed","ping_status":"closed","sticky":false,"template":"","format":"standard","meta":{"footnotes":""},"categories":[1],"tags":[],"class_list":["post-812","post","type-post","status-publish","format-standard","has-post-thumbnail","hentry","category-general"],"_links":{"self":[{"href":"https:\/\/irla.cat\/casairla\/wp-json\/wp\/v2\/posts\/812","targetHints":{"allow":["GET"]}}],"collection":[{"href":"https:\/\/irla.cat\/casairla\/wp-json\/wp\/v2\/posts"}],"about":[{"href":"https:\/\/irla.cat\/casairla\/wp-json\/wp\/v2\/types\/post"}],"author":[{"embeddable":true,"href":"https:\/\/irla.cat\/casairla\/wp-json\/wp\/v2\/users\/1"}],"replies":[{"embeddable":true,"href":"https:\/\/irla.cat\/casairla\/wp-json\/wp\/v2\/comments?post=812"}],"version-history":[{"count":2,"href":"https:\/\/irla.cat\/casairla\/wp-json\/wp\/v2\/posts\/812\/revisions"}],"predecessor-version":[{"id":815,"href":"https:\/\/irla.cat\/casairla\/wp-json\/wp\/v2\/posts\/812\/revisions\/815"}],"wp:featuredmedia":[{"embeddable":true,"href":"https:\/\/irla.cat\/casairla\/wp-json\/wp\/v2\/media\/813"}],"wp:attachment":[{"href":"https:\/\/irla.cat\/casairla\/wp-json\/wp\/v2\/media?parent=812"}],"wp:term":[{"taxonomy":"category","embeddable":true,"href":"https:\/\/irla.cat\/casairla\/wp-json\/wp\/v2\/categories?post=812"},{"taxonomy":"post_tag","embeddable":true,"href":"https:\/\/irla.cat\/casairla\/wp-json\/wp\/v2\/tags?post=812"}],"curies":[{"name":"wp","href":"https:\/\/api.w.org\/{rel}","templated":true}]}}