{"id":807,"date":"2018-06-12T12:30:45","date_gmt":"2018-06-12T10:30:45","guid":{"rendered":"https:\/\/irla.cat\/casairla\/?p=807"},"modified":"2018-06-14T11:13:48","modified_gmt":"2018-06-14T09:13:48","slug":"presentacio-de-nou-homenatge-a-catalunya-i-sopar-tertulia","status":"publish","type":"post","link":"https:\/\/irla.cat\/casairla\/2018\/06\/12\/presentacio-de-nou-homenatge-a-catalunya-i-sopar-tertulia\/","title":{"rendered":"Presentaci\u00f3 de &#8220;Nou homenatge a Catalunya&#8221; i sopar tert\u00falia"},"content":{"rendered":"<p>Dijous dia\u00a028 de juny a les 19:30 h a la Casa Irla\u00a0 farem la presentaci\u00f3 del llibre &#8220;Nou homenatge a Catalunya&#8221; de Vicent Partal i seguidament un sopar-tert\u00falia amb ell a la Taverna de Cas Romagu\u00e9.<\/p>\n<p><!--more--><\/p>\n<p>Durant l\u2019\u00faltima d\u00e8cada, Catalunya ha protagonitzat una epopeia \u00fanica en la hist\u00f2ria contempor\u00e0nia d\u2019Europa. Un pa\u00eds que s\u2019ha organitzat de manera pacient, constant, imaginativa i coratjosa per proposar per vies pac\u00edfiques la independ\u00e8ncia d\u2019un estat disposat a usar la repressi\u00f3 i la viol\u00e8ncia per impedir-ho.<\/p>\n<p>Res no ha estat f\u00e0cil, per\u00f2 els \u00e8xits aconseguits s\u00f3n notables. En termes pol\u00edtics, amb la proclamaci\u00f3 d\u2019una Rep\u00fablica que nom\u00e9s necessita temps per cr\u00e9ixer. En termes socials, generant un moviment emocionant que ha canviat ja, per a b\u00e9, el pa\u00eds des de la base.<\/p>\n<p>El gran relat d\u2019aquest moviment no es pot escriure sense la petita hist\u00f2ria dels seus protagonistes, i aix\u00f2 \u00e9s el que Vicent Partal, observador auda\u00e7, fa en aquest Nou homenatge a Catalunya. Amb informaci\u00f3 que no havia vist la llum fins ara i el p\u00f2sit de reflexi\u00f3 que d\u00f3na l\u2019experi\u00e8ncia, explica les claus que han fet possible tot el que ha passat i que anuncien el que pot oc\u00f3rrer a partir d\u2019ara.<\/p>\n<p>El resultat \u00e9s un llibre ambici\u00f3s, cridat a ser un document clau d\u2019aquest per\u00edode de la nostra hist\u00f2ria tant apassionant com esperan\u00e7ador.<\/p>\n<p>A continuaci\u00f3 podeu consultar el men\u00fa del sopar i les inscripcions (Places limitades):<\/p>\n<p><strong>Preu per persona: 16 \u20ac<\/strong><\/p>\n<p><strong>Primer Plat<\/strong><\/p>\n<p>Calamars a la romana, musclos, patates braves, olives, croquetes de pollastre, croquetes de bacall\u00e0<\/p>\n<p><strong>Segon Plat<\/strong><\/p>\n<p>Rostit de pollastre o Orada al forn<\/p>\n<p><strong>Postre<\/strong><\/p>\n<p>Lioneses de nata banyades amb xocolata<\/p>\n<p>Aigua, vi i pa<\/p>\n<p><em>Vi negre Camina Cabernet Sauvignon<br \/>\nVi blanc Camina Verdejo<br \/>\nCava brut Juve Massana<\/em><\/p>\n<p>Us podeu apuntar trucant al tel\u00e8fon 972 11 74 39 o al correu\u00a0casa@irla.cat<\/p>\n<p>Places limitades<\/p>\n<p>&nbsp;<\/p>\n","protected":false},"excerpt":{"rendered":"<p>Dijous dia\u00a028 de juny a les 19:30 h a la Casa Irla\u00a0 farem la presentaci\u00f3 del llibre &#8220;Nou homenatge a<\/p>\n","protected":false},"author":1,"featured_media":808,"comment_status":"closed","ping_status":"closed","sticky":false,"template":"","format":"standard","meta":{"footnotes":""},"categories":[1],"tags":[],"class_list":["post-807","post","type-post","status-publish","format-standard","has-post-thumbnail","hentry","category-general"],"_links":{"self":[{"href":"https:\/\/irla.cat\/casairla\/wp-json\/wp\/v2\/posts\/807","targetHints":{"allow":["GET"]}}],"collection":[{"href":"https:\/\/irla.cat\/casairla\/wp-json\/wp\/v2\/posts"}],"about":[{"href":"https:\/\/irla.cat\/casairla\/wp-json\/wp\/v2\/types\/post"}],"author":[{"embeddable":true,"href":"https:\/\/irla.cat\/casairla\/wp-json\/wp\/v2\/users\/1"}],"replies":[{"embeddable":true,"href":"https:\/\/irla.cat\/casairla\/wp-json\/wp\/v2\/comments?post=807"}],"version-history":[{"count":2,"href":"https:\/\/irla.cat\/casairla\/wp-json\/wp\/v2\/posts\/807\/revisions"}],"predecessor-version":[{"id":810,"href":"https:\/\/irla.cat\/casairla\/wp-json\/wp\/v2\/posts\/807\/revisions\/810"}],"wp:featuredmedia":[{"embeddable":true,"href":"https:\/\/irla.cat\/casairla\/wp-json\/wp\/v2\/media\/808"}],"wp:attachment":[{"href":"https:\/\/irla.cat\/casairla\/wp-json\/wp\/v2\/media?parent=807"}],"wp:term":[{"taxonomy":"category","embeddable":true,"href":"https:\/\/irla.cat\/casairla\/wp-json\/wp\/v2\/categories?post=807"},{"taxonomy":"post_tag","embeddable":true,"href":"https:\/\/irla.cat\/casairla\/wp-json\/wp\/v2\/tags?post=807"}],"curies":[{"name":"wp","href":"https:\/\/api.w.org\/{rel}","templated":true}]}}