{"id":793,"date":"2018-06-04T12:00:00","date_gmt":"2018-06-04T10:00:00","guid":{"rendered":"https:\/\/irla.cat\/casairla\/?p=793"},"modified":"2018-06-07T18:37:30","modified_gmt":"2018-06-07T16:37:30","slug":"793","status":"publish","type":"post","link":"https:\/\/irla.cat\/casairla\/2018\/06\/04\/793\/","title":{"rendered":"Ombre Leggera Il legato d\u2019Elvira a l&#8217;escola de m\u00fasica"},"content":{"rendered":"<p>Diumenge 10 de juny a les 19 h\u00a0Espectacle\u00a0 a c\u00e0rrec de Gisela Figueras &#8220;Il legato d\u2019Elvira&#8221; amb entrada 10\u20ac.<\/p>\n<p><!--more--><\/p>\n<p>Les cendres de la pedagoga, soprano i renovadora del \u201cbel canto\u201d Elvira de Hidalgo, coneguda per ser la mestra i confident de Mar\u00eda Callas, han estat traslladades recentment Cementiri de Mil\u00e0, a on la cantant va viure els seus \u00faltims quaranta anys, al de Vallderobres, Teruel, lloc casual de la seva naixen\u00e7a.<\/p>\n<p>Amb aquest concert donem a con\u00e8ixer a aquesta oblidada figura hist\u00f2rica del segle xx i us posem en contacte amb la seva \u00e0nima d\u2019artista mai prou reconeguda.<\/p>\n<p>Anna Feu: soprano<br \/>\nAkiko Nomoto: piano<br \/>\nManuela N.Lorente: direcci\u00f3 dramat\u00fargia<br \/>\nFotos cartell i programa de m\u00e1: Genia Badano<br \/>\nEfecte de s\u00f3: Hermes Serrano<br \/>\nProducci\u00f3: E\u00f2lia Teatre\/ Anna Feu\/ Manuela N.Lorente<br \/>\nAgra\u00efments: Oriol Gen\u00eds, Xavier Povill, Herm\u00e9s Serrano, E\u00f2lia Teatre, Manel Marzo-Mart, Casa Irla<\/p>\n<p>Organitza: ALEPH<\/p>\n<p>&nbsp;<\/p>\n<p>&nbsp;<\/p>\n","protected":false},"excerpt":{"rendered":"<p>Diumenge 10 de juny a les 19 h\u00a0Espectacle\u00a0 a c\u00e0rrec de Gisela Figueras &#8220;Il legato d\u2019Elvira&#8221; amb entrada 10\u20ac.<\/p>\n","protected":false},"author":1,"featured_media":794,"comment_status":"closed","ping_status":"closed","sticky":false,"template":"","format":"standard","meta":{"footnotes":""},"categories":[1],"tags":[],"class_list":["post-793","post","type-post","status-publish","format-standard","has-post-thumbnail","hentry","category-general"],"_links":{"self":[{"href":"https:\/\/irla.cat\/casairla\/wp-json\/wp\/v2\/posts\/793","targetHints":{"allow":["GET"]}}],"collection":[{"href":"https:\/\/irla.cat\/casairla\/wp-json\/wp\/v2\/posts"}],"about":[{"href":"https:\/\/irla.cat\/casairla\/wp-json\/wp\/v2\/types\/post"}],"author":[{"embeddable":true,"href":"https:\/\/irla.cat\/casairla\/wp-json\/wp\/v2\/users\/1"}],"replies":[{"embeddable":true,"href":"https:\/\/irla.cat\/casairla\/wp-json\/wp\/v2\/comments?post=793"}],"version-history":[{"count":6,"href":"https:\/\/irla.cat\/casairla\/wp-json\/wp\/v2\/posts\/793\/revisions"}],"predecessor-version":[{"id":805,"href":"https:\/\/irla.cat\/casairla\/wp-json\/wp\/v2\/posts\/793\/revisions\/805"}],"wp:featuredmedia":[{"embeddable":true,"href":"https:\/\/irla.cat\/casairla\/wp-json\/wp\/v2\/media\/794"}],"wp:attachment":[{"href":"https:\/\/irla.cat\/casairla\/wp-json\/wp\/v2\/media?parent=793"}],"wp:term":[{"taxonomy":"category","embeddable":true,"href":"https:\/\/irla.cat\/casairla\/wp-json\/wp\/v2\/categories?post=793"},{"taxonomy":"post_tag","embeddable":true,"href":"https:\/\/irla.cat\/casairla\/wp-json\/wp\/v2\/tags?post=793"}],"curies":[{"name":"wp","href":"https:\/\/api.w.org\/{rel}","templated":true}]}}