{"id":788,"date":"2018-05-28T12:53:44","date_gmt":"2018-05-28T10:53:44","guid":{"rendered":"https:\/\/irla.cat\/casairla\/?p=788"},"modified":"2018-06-05T09:35:55","modified_gmt":"2018-06-05T07:35:55","slug":"xavi-calvet-presenta-firebird","status":"publish","type":"post","link":"https:\/\/irla.cat\/casairla\/2018\/05\/28\/xavi-calvet-presenta-firebird\/","title":{"rendered":"Xavi Calvet presenta &#8220;Firebird&#8221;, el seu primer disc en solitari"},"content":{"rendered":"<p>El ganx\u00f3 Xavi Calvet presentara el divendres 8 de junyt el seu disc en solitari titulat &#8220;Firebird&#8221;<\/p>\n<p><!--more--><br \/>\n<strong>Divendres 8 de juny a les 22 h, el m\u00fasic Xavier Calvet <\/strong>presentar\u00e0 en ac\u00fastic el seu disc en solitari &#8220;Firebird&#8221;. L&#8217;entrada \u00e9s gratuita.<\/p>\n<p>L\u2019ocell de foc \u00e9s un \u00e9sser mitol\u00f2gic que suposa una benedicci\u00f3 i una condemna per tot aquell que s\u2019atreveixi a capturar-lo. Aquesta ambival\u00e8ncia est\u00e0 molt present a FIREBIRD, el primer disc en solitari de Xavier Calvet, l\u2019incombustible l\u00edder (veu i guitarra) de la banda de punk rock Bullitt.<\/p>\n<p>Aquest nou disc es presenta com una esp\u00e8cie de \u201croadtrip\u201d que transita per alguns dels paisatges del so &#8220;Americana&#8221; (amb tocs a Wilco, The Jayhawks o Ryan Adams) i produeix melodies amb matisos pop.<\/p>\n<p>Els textos de les can\u00e7ons recullen les viv\u00e8ncies dels \u00faltims anys d\u2019aquest artista apassionat per la m\u00fasica, que reflexiona sobre la vida, la mort, les relacions humanes i els sentiments trobats, i normalment contradictoris, que sorgeixen d\u2019aquestes relacions.<\/p>\n<p>&nbsp;<\/p>\n","protected":false},"excerpt":{"rendered":"<p>El ganx\u00f3 Xavi Calvet presentara el divendres 8 de junyt el seu disc en solitari titulat &#8220;Firebird&#8221;<\/p>\n","protected":false},"author":1,"featured_media":800,"comment_status":"closed","ping_status":"closed","sticky":false,"template":"","format":"standard","meta":{"footnotes":""},"categories":[1],"tags":[],"class_list":["post-788","post","type-post","status-publish","format-standard","has-post-thumbnail","hentry","category-general"],"_links":{"self":[{"href":"https:\/\/irla.cat\/casairla\/wp-json\/wp\/v2\/posts\/788","targetHints":{"allow":["GET"]}}],"collection":[{"href":"https:\/\/irla.cat\/casairla\/wp-json\/wp\/v2\/posts"}],"about":[{"href":"https:\/\/irla.cat\/casairla\/wp-json\/wp\/v2\/types\/post"}],"author":[{"embeddable":true,"href":"https:\/\/irla.cat\/casairla\/wp-json\/wp\/v2\/users\/1"}],"replies":[{"embeddable":true,"href":"https:\/\/irla.cat\/casairla\/wp-json\/wp\/v2\/comments?post=788"}],"version-history":[{"count":6,"href":"https:\/\/irla.cat\/casairla\/wp-json\/wp\/v2\/posts\/788\/revisions"}],"predecessor-version":[{"id":802,"href":"https:\/\/irla.cat\/casairla\/wp-json\/wp\/v2\/posts\/788\/revisions\/802"}],"wp:featuredmedia":[{"embeddable":true,"href":"https:\/\/irla.cat\/casairla\/wp-json\/wp\/v2\/media\/800"}],"wp:attachment":[{"href":"https:\/\/irla.cat\/casairla\/wp-json\/wp\/v2\/media?parent=788"}],"wp:term":[{"taxonomy":"category","embeddable":true,"href":"https:\/\/irla.cat\/casairla\/wp-json\/wp\/v2\/categories?post=788"},{"taxonomy":"post_tag","embeddable":true,"href":"https:\/\/irla.cat\/casairla\/wp-json\/wp\/v2\/tags?post=788"}],"curies":[{"name":"wp","href":"https:\/\/api.w.org\/{rel}","templated":true}]}}