{"id":782,"date":"2018-05-21T10:00:58","date_gmt":"2018-05-21T09:00:58","guid":{"rendered":"https:\/\/irla.cat\/casairla\/?p=782"},"modified":"2018-05-14T09:25:04","modified_gmt":"2018-05-14T08:25:04","slug":"bon-dia-son-les-vuit-dantoni-bassas-a-la-casa-irla","status":"publish","type":"post","link":"https:\/\/irla.cat\/casairla\/2018\/05\/21\/bon-dia-son-les-vuit-dantoni-bassas-a-la-casa-irla\/","title":{"rendered":"Bon dia s\u00f3n les vuit d&#8217;Antoni Bassas a la Casa Irla"},"content":{"rendered":"<p>Divendres 25 de maig a les 9 h\u00a0Antoni Bassas presentar\u00e0 el seu llibre Bon dia s\u00f3n les vuit! El relat en primera persona de la veu que despertava el pa\u00eds<\/p>\n<p><!--more--><\/p>\n<p>Antoni Bassas ha deixat escrita la narraci\u00f3 d\u2019un programa que va fer hist\u00f2ria, El mat\u00ed de Catalunya R\u00e0dio (1995-2008).<\/p>\n<p>Bon dia, s\u00f3n les vuit!, \u00e9s un llibre que traspua periodisme i r\u00e0dio, on veiem els professionals que van gestar el programa cada dia i els col\u00b7laboradors que el van elevar a la categoria d\u2019inoblidable, amb episodis que van fer vibrar l\u2019antena cada mat\u00ed durant m\u00e9s d\u2019una d\u00e8cada i que els oients encara recorden amb nost\u00e0lgia.<\/p>\n<p>Per\u00f2, m\u00e9s enll\u00e0 del relat en primera persona de la veu que despertava el pa\u00eds, Bon dia, s\u00f3n les vuit!, \u00e9s, tamb\u00e9, el llibre de la mem\u00f2ria col\u00b7lectiva d\u2019un pa\u00eds que, progressivament, va anar trobant la seva veu.<\/p>\n<p>&#8220;Van passant els anys, i des d\u2019aquell mat\u00ed assolellat d\u2019estiu no he parat de trobar- me persones que se m\u2019han acostat per explicar-me que van venir aquell dia a la Diagonal o que recorden qu\u00e8 estaven fent en aquell moment en qu\u00e8 vam deixar de compartir tots els matins, o que m\u2019expliquen com van canviar la seva relaci\u00f3 amb la r\u00e0dio. Aquest llibre est\u00e0 especialment dedicat a totes elles&#8221;.<\/p>\n<p>&nbsp;<\/p>\n","protected":false},"excerpt":{"rendered":"<p>Divendres 25 de maig a les 9 h\u00a0Antoni Bassas presentar\u00e0 el seu llibre Bon dia s\u00f3n les vuit! El relat<\/p>\n","protected":false},"author":1,"featured_media":783,"comment_status":"closed","ping_status":"closed","sticky":false,"template":"","format":"standard","meta":{"footnotes":""},"categories":[1],"tags":[],"class_list":["post-782","post","type-post","status-publish","format-standard","has-post-thumbnail","hentry","category-general"],"_links":{"self":[{"href":"https:\/\/irla.cat\/casairla\/wp-json\/wp\/v2\/posts\/782","targetHints":{"allow":["GET"]}}],"collection":[{"href":"https:\/\/irla.cat\/casairla\/wp-json\/wp\/v2\/posts"}],"about":[{"href":"https:\/\/irla.cat\/casairla\/wp-json\/wp\/v2\/types\/post"}],"author":[{"embeddable":true,"href":"https:\/\/irla.cat\/casairla\/wp-json\/wp\/v2\/users\/1"}],"replies":[{"embeddable":true,"href":"https:\/\/irla.cat\/casairla\/wp-json\/wp\/v2\/comments?post=782"}],"version-history":[{"count":1,"href":"https:\/\/irla.cat\/casairla\/wp-json\/wp\/v2\/posts\/782\/revisions"}],"predecessor-version":[{"id":784,"href":"https:\/\/irla.cat\/casairla\/wp-json\/wp\/v2\/posts\/782\/revisions\/784"}],"wp:featuredmedia":[{"embeddable":true,"href":"https:\/\/irla.cat\/casairla\/wp-json\/wp\/v2\/media\/783"}],"wp:attachment":[{"href":"https:\/\/irla.cat\/casairla\/wp-json\/wp\/v2\/media?parent=782"}],"wp:term":[{"taxonomy":"category","embeddable":true,"href":"https:\/\/irla.cat\/casairla\/wp-json\/wp\/v2\/categories?post=782"},{"taxonomy":"post_tag","embeddable":true,"href":"https:\/\/irla.cat\/casairla\/wp-json\/wp\/v2\/tags?post=782"}],"curies":[{"name":"wp","href":"https:\/\/api.w.org\/{rel}","templated":true}]}}