{"id":778,"date":"2018-05-07T11:40:17","date_gmt":"2018-05-07T10:40:17","guid":{"rendered":"https:\/\/irla.cat\/casairla\/?p=778"},"modified":"2018-05-07T11:40:17","modified_gmt":"2018-05-07T10:40:17","slug":"presentacio-doperacio-urnes-amb-laia-vicens-i-xavi-tedo","status":"publish","type":"post","link":"https:\/\/irla.cat\/casairla\/2018\/05\/07\/presentacio-doperacio-urnes-amb-laia-vicens-i-xavi-tedo\/","title":{"rendered":"Presentaci\u00f3 d'&#8221;Operaci\u00f3 Urnes&#8221; amb Laia Vicens i Xavi Ted\u00f3"},"content":{"rendered":"<p>El proper dissabte 12 de maig a les 19.00 h farem la presentaci\u00f3 del llibre sobre el refer\u00e8ndum de 1 d&#8217;octubre &#8220;Operaci\u00f3 Urnes&#8221; amb Laia Vicens i Xavi Ted\u00f3.<\/p>\n<p><!--more--><br \/>\nEl relat de l\u2019operatiu clandest\u00ed que va fer possible el refer\u00e8ndum de l\u20191-O Operaci\u00f3 Urnes \u00e9s la cr\u00f2nica period\u00edstica\u00a0 de l\u2019operatiu clandest\u00ed que va permetre que l\u20191 d\u2019octubre del 2017 a Catalunya hi hagu\u00e9s urnes als col\u00b7legis electorals i es pogu\u00e9s celebrar el refer\u00e8ndum d\u2019autodeterminaci\u00f3.<\/p>\n<p>Aix\u00ed, a partir del testimoni dels cervells de l\u2019operaci\u00f3 i dels seus principals protagonistes, molts d\u2019ells amb pseud\u00f2nim, descobrirem una hist\u00f2ria incre\u00efble que supera qualsevol relat de ficci\u00f3.<\/p>\n<p>A partir de milers de voluntaris es va crear una xarxa popular, organitzada de forma secreta i piramidal, que va fer possible que el tresor m\u00e9s preuat arrib\u00e9s al seu dest\u00ed. Un relat que sens dubte restar\u00e0 per sempre a la mem\u00f2ria col\u00b7lectiva de moltes generacions.<\/p>\n<p>Es tracta d\u2019un treball d\u2019investigaci\u00f3 dels periodistes del diari Ara Laia Vicens i Xavi Ted\u00f3, que durant un mes i mig (des de principis d\u2019octubre fins a mitjans de novembre) es van entrevistar amb una cinquantena de persones de diferents punts del pa\u00eds implicades directament en l\u2019operaci\u00f3 Urnes. Nom\u00e9s ells han parlat amb el cervell d\u00a0 l\u2019operatiu. Ara, amb aquest llibre, sabrem amb p\u00e8ls i senyals com es va aconseguir votar l\u20191-O.<\/p>\n<p>&nbsp;<\/p>\n","protected":false},"excerpt":{"rendered":"<p>El proper dissabte 12 de maig a les 19.00 h farem la presentaci\u00f3 del llibre sobre el refer\u00e8ndum de 1<\/p>\n","protected":false},"author":1,"featured_media":779,"comment_status":"closed","ping_status":"closed","sticky":false,"template":"","format":"standard","meta":{"footnotes":""},"categories":[1],"tags":[],"class_list":["post-778","post","type-post","status-publish","format-standard","has-post-thumbnail","hentry","category-general"],"_links":{"self":[{"href":"https:\/\/irla.cat\/casairla\/wp-json\/wp\/v2\/posts\/778","targetHints":{"allow":["GET"]}}],"collection":[{"href":"https:\/\/irla.cat\/casairla\/wp-json\/wp\/v2\/posts"}],"about":[{"href":"https:\/\/irla.cat\/casairla\/wp-json\/wp\/v2\/types\/post"}],"author":[{"embeddable":true,"href":"https:\/\/irla.cat\/casairla\/wp-json\/wp\/v2\/users\/1"}],"replies":[{"embeddable":true,"href":"https:\/\/irla.cat\/casairla\/wp-json\/wp\/v2\/comments?post=778"}],"version-history":[{"count":1,"href":"https:\/\/irla.cat\/casairla\/wp-json\/wp\/v2\/posts\/778\/revisions"}],"predecessor-version":[{"id":780,"href":"https:\/\/irla.cat\/casairla\/wp-json\/wp\/v2\/posts\/778\/revisions\/780"}],"wp:featuredmedia":[{"embeddable":true,"href":"https:\/\/irla.cat\/casairla\/wp-json\/wp\/v2\/media\/779"}],"wp:attachment":[{"href":"https:\/\/irla.cat\/casairla\/wp-json\/wp\/v2\/media?parent=778"}],"wp:term":[{"taxonomy":"category","embeddable":true,"href":"https:\/\/irla.cat\/casairla\/wp-json\/wp\/v2\/categories?post=778"},{"taxonomy":"post_tag","embeddable":true,"href":"https:\/\/irla.cat\/casairla\/wp-json\/wp\/v2\/tags?post=778"}],"curies":[{"name":"wp","href":"https:\/\/api.w.org\/{rel}","templated":true}]}}