{"id":752,"date":"2018-05-14T10:30:24","date_gmt":"2018-05-14T08:30:24","guid":{"rendered":"https:\/\/irla.cat\/casairla\/?p=752"},"modified":"2018-05-14T10:26:02","modified_gmt":"2018-05-14T08:26:02","slug":"presentacio-del-llibre-de-joan-b-culla-el-tsunami-com-i-per-que-el-sistema-de-partits-catala-ha-esdevingut-irreconeixible","status":"publish","type":"post","link":"https:\/\/irla.cat\/casairla\/2018\/05\/14\/presentacio-del-llibre-de-joan-b-culla-el-tsunami-com-i-per-que-el-sistema-de-partits-catala-ha-esdevingut-irreconeixible\/","title":{"rendered":"El Tsunami.\u00a0Com i per qu\u00e8 el sistema de partits catal\u00e0 ha esdevingut irreconeixible"},"content":{"rendered":"<p>Dissabte 19 de maig a les 19.00 h farem la presentaci\u00f3 del nou llibre de Joan B. Culla.<\/p>\n<p><!--more--><\/p>\n<p>Qu\u00e8 se n\u2019ha fet d\u2019Uni\u00f3 Democr\u00e0tica? I de Converg\u00e8ncia? I d\u2019Iniciativa? I d\u2019aquell paquebot imponent i de rumb inalterable que havia estat el PSC? Com \u00e9s que Ciutadans, un partit creat per combatre la pol\u00edtica ling\u00fc\u00edstica de la Generalitat, esdev\u00e9 pe\u00e7a fonamental en la formaci\u00f3 de majories de govern a Espanya? I la CUP, d\u2019on surt? I els comuns?<\/p>\n<p>El sistema catal\u00e0 de partits pol\u00edtics ha esdevingut irreconeixible, com si li hagu\u00e9s passat pel damunt un tsunami. L\u2019arquitectura i l\u2019aritm\u00e8tica que sostenien la pol\u00edtica parlament\u00e0ria catalana dels \u00faltims anys del segle xx s\u2019han vist profundament alterades. I no nom\u00e9s pel proc\u00e9s independentista, sin\u00f3 tamb\u00e9 pel desgast del r\u00e8gim del 1978, per l\u2019impacte de la crisi econ\u00f2mica global, per la desorientaci\u00f3 de la socialdemocr\u00e0cia cl\u00e0ssica, per la irrupci\u00f3 de la nova pol\u00edtica, etc\u00e8tera.<\/p>\n<p>El cicle electoral de 2014-2016 ho ha fet evident, subvertint velles hegemonies i donant lloc a noves conflu\u00e8ncies guanyadores, com Junts pel S\u00ed, Barcelona En Com\u00fa o En Com\u00fa Podem.<\/p>\n<p>El prop\u00f2sit de Joan B. Culla no \u00e9s altre que fer intel\u00b7ligible aquesta transformaci\u00f3 trepidant i oferir-ne algunes claus d\u2019interpretaci\u00f3. Amb el benent\u00e8s que el futur est\u00e0 per escriure.<\/p>\n<p>&nbsp;<\/p>\n","protected":false},"excerpt":{"rendered":"<p>Dissabte 19 de maig a les 19.00 h farem la presentaci\u00f3 del nou llibre de Joan B. Culla.<\/p>\n","protected":false},"author":1,"featured_media":753,"comment_status":"closed","ping_status":"closed","sticky":false,"template":"","format":"standard","meta":{"footnotes":""},"categories":[1],"tags":[],"class_list":["post-752","post","type-post","status-publish","format-standard","has-post-thumbnail","hentry","category-general"],"_links":{"self":[{"href":"https:\/\/irla.cat\/casairla\/wp-json\/wp\/v2\/posts\/752","targetHints":{"allow":["GET"]}}],"collection":[{"href":"https:\/\/irla.cat\/casairla\/wp-json\/wp\/v2\/posts"}],"about":[{"href":"https:\/\/irla.cat\/casairla\/wp-json\/wp\/v2\/types\/post"}],"author":[{"embeddable":true,"href":"https:\/\/irla.cat\/casairla\/wp-json\/wp\/v2\/users\/1"}],"replies":[{"embeddable":true,"href":"https:\/\/irla.cat\/casairla\/wp-json\/wp\/v2\/comments?post=752"}],"version-history":[{"count":4,"href":"https:\/\/irla.cat\/casairla\/wp-json\/wp\/v2\/posts\/752\/revisions"}],"predecessor-version":[{"id":757,"href":"https:\/\/irla.cat\/casairla\/wp-json\/wp\/v2\/posts\/752\/revisions\/757"}],"wp:featuredmedia":[{"embeddable":true,"href":"https:\/\/irla.cat\/casairla\/wp-json\/wp\/v2\/media\/753"}],"wp:attachment":[{"href":"https:\/\/irla.cat\/casairla\/wp-json\/wp\/v2\/media?parent=752"}],"wp:term":[{"taxonomy":"category","embeddable":true,"href":"https:\/\/irla.cat\/casairla\/wp-json\/wp\/v2\/categories?post=752"},{"taxonomy":"post_tag","embeddable":true,"href":"https:\/\/irla.cat\/casairla\/wp-json\/wp\/v2\/tags?post=752"}],"curies":[{"name":"wp","href":"https:\/\/api.w.org\/{rel}","templated":true}]}}