{"id":743,"date":"2018-04-10T07:50:41","date_gmt":"2018-04-10T06:50:41","guid":{"rendered":"http:\/\/www.irla.cat\/casairla\/?p=743"},"modified":"2018-04-10T07:50:41","modified_gmt":"2018-04-10T06:50:41","slug":"actes-de-commemoracio-del-dia-de-la-republica-a-la-casa-irla","status":"publish","type":"post","link":"https:\/\/irla.cat\/casairla\/2018\/04\/10\/actes-de-commemoracio-del-dia-de-la-republica-a-la-casa-irla\/","title":{"rendered":"Actes de commemoraci\u00f3 del dia de la Rep\u00fablica a la Casa Irla"},"content":{"rendered":"<p>El proper dissabte dia 14 d&#8217;abril celebrem el dia de la Rep\u00fablica i hem preparat dos actes a Sant Feliu de Gu\u00edxols per commemorar la data.<\/p>\n<p><!--more--><br \/>\nA les 10h del mat\u00ed des de la Fundaci\u00f3 Josep Irla i La Casa Irla farem una ofrena floral al bust del President Josep Irla situat a la Rambla de la Generalitat de Sant Feliu de Gu\u00edxols.<\/p>\n<p>I a les 18h\u00a0a la sala Abat Panyelles del Monestir farem la projecci\u00f3 del documental de Josep Irla \u201cEl President oblidat\u201d.<\/p>\n<p>Un documental que narra com la derrota de la Rep\u00fablica en la Guerra Civil Espanyola va provocar l\u2019\u00e8xode m\u00e9s gran de la hist\u00f2ria de Catalunya.<\/p>\n<p>M\u00e9s de 400.000 persones van travessar la frontera fugint de la dictadura franquista, entre les quals un centenar de pol\u00edtics catalans encap\u00e7alat pel govern de la Generalitat.<\/p>\n<p>El seu president, Llu\u00eds Companys, va ser capturat per la Gestapo i lliurat al r\u00e8gim feixista espanyol per a ser executat. La seva mort no va comportar cap trencament institucional de la Generalitat a l\u2019exili, ja<br \/>\nque el president del Parlament catal\u00e0 Josep Irla el va succeir autom\u00e0ticament.<\/p>\n<p>Qui coneix Josep Irla? La hist\u00f2ria hi ha passat per sobre, sense aturar-se a analitzar una de les figures m\u00e9s transcendentals de l\u2019exili catal\u00e0.<\/p>\n<p>&nbsp;<\/p>\n","protected":false},"excerpt":{"rendered":"<p>El proper dissabte dia 14 d&#8217;abril celebrem el dia de la Rep\u00fablica i hem preparat dos actes a Sant Feliu<\/p>\n","protected":false},"author":1,"featured_media":744,"comment_status":"closed","ping_status":"closed","sticky":false,"template":"","format":"standard","meta":{"footnotes":""},"categories":[1],"tags":[],"class_list":["post-743","post","type-post","status-publish","format-standard","has-post-thumbnail","hentry","category-general"],"_links":{"self":[{"href":"https:\/\/irla.cat\/casairla\/wp-json\/wp\/v2\/posts\/743","targetHints":{"allow":["GET"]}}],"collection":[{"href":"https:\/\/irla.cat\/casairla\/wp-json\/wp\/v2\/posts"}],"about":[{"href":"https:\/\/irla.cat\/casairla\/wp-json\/wp\/v2\/types\/post"}],"author":[{"embeddable":true,"href":"https:\/\/irla.cat\/casairla\/wp-json\/wp\/v2\/users\/1"}],"replies":[{"embeddable":true,"href":"https:\/\/irla.cat\/casairla\/wp-json\/wp\/v2\/comments?post=743"}],"version-history":[{"count":1,"href":"https:\/\/irla.cat\/casairla\/wp-json\/wp\/v2\/posts\/743\/revisions"}],"predecessor-version":[{"id":745,"href":"https:\/\/irla.cat\/casairla\/wp-json\/wp\/v2\/posts\/743\/revisions\/745"}],"wp:featuredmedia":[{"embeddable":true,"href":"https:\/\/irla.cat\/casairla\/wp-json\/wp\/v2\/media\/744"}],"wp:attachment":[{"href":"https:\/\/irla.cat\/casairla\/wp-json\/wp\/v2\/media?parent=743"}],"wp:term":[{"taxonomy":"category","embeddable":true,"href":"https:\/\/irla.cat\/casairla\/wp-json\/wp\/v2\/categories?post=743"},{"taxonomy":"post_tag","embeddable":true,"href":"https:\/\/irla.cat\/casairla\/wp-json\/wp\/v2\/tags?post=743"}],"curies":[{"name":"wp","href":"https:\/\/api.w.org\/{rel}","templated":true}]}}