{"id":740,"date":"2018-03-28T10:50:08","date_gmt":"2018-03-28T09:50:08","guid":{"rendered":"http:\/\/www.irla.cat\/casairla\/?p=740"},"modified":"2018-03-28T10:50:08","modified_gmt":"2018-03-28T09:50:08","slug":"conferencia-a-carrec-dassumpta-montella-sobre-el-seu-llibre-el-7e-camio","status":"publish","type":"post","link":"https:\/\/irla.cat\/casairla\/2018\/03\/28\/conferencia-a-carrec-dassumpta-montella-sobre-el-seu-llibre-el-7e-camio\/","title":{"rendered":"Confer\u00e8ncia a c\u00e0rrec d\u2019Assumpta Montell\u00e0 sobre el seu llibre &#8220;El 7e cami\u00f3&#8221;"},"content":{"rendered":"<p>El proper divendres dia 6 d&#8217;abril a les 19 h a la Casa\u00a0Irla\u00a0de Sant Feliu de Gu\u00edxols Confer\u00e8ncia &#8220;El set\u00e8 cami\u00f3: el tresor perdut de la Rep\u00fablica&#8221; a c\u00e0rrec d&#8217;Assumpta Montell\u00e0.<\/p>\n<p><!--more--><\/p>\n<p>En relaci\u00f3 a aquesta confer\u00e8ncia es far\u00e0 una sortida el dia 29 d&#8217;abril amb l\u00b4Assumpta Montell\u00e0 de guia a Figueres-La Vajol i Coll de Lli.<\/p>\n<p>En els darrers dies de la Catalunya republicana cohabitaven els dos governs: govern Negr\u00edn-Aza\u00f1a i govern Companys.<\/p>\n<p>Eren els dies previs a la derrota i a l\u2019exili. Negr\u00edn guardava el seu secret m\u00e9s ben guardat a La Vajol (Alt Empord\u00e0): una mina de talc convertida en caixa forta per guardar-hi els lingots d\u2019or de la Rep\u00fablica, a punt per passar la frontera.<\/p>\n<p>Per\u00f2 el dia senyalat, un cami\u00f3 comandat per carrabiners, que feia el transport des de la Vajol fins a Fran\u00e7a, perd la seva c\u00e0rrega: una tona d\u2019or, enmig del caos de la Retirada.<\/p>\n<p>El cami\u00f3 se\u2019l coneix com: EL SET\u00c8 CAMI\u00d3.<\/p>\n<p>&nbsp;<\/p>\n","protected":false},"excerpt":{"rendered":"<p>El proper divendres dia 6 d&#8217;abril a les 19 h a la Casa\u00a0Irla\u00a0de Sant Feliu de Gu\u00edxols Confer\u00e8ncia &#8220;El set\u00e8<\/p>\n","protected":false},"author":1,"featured_media":700,"comment_status":"closed","ping_status":"closed","sticky":false,"template":"","format":"standard","meta":{"footnotes":""},"categories":[1],"tags":[],"class_list":["post-740","post","type-post","status-publish","format-standard","has-post-thumbnail","hentry","category-general"],"_links":{"self":[{"href":"https:\/\/irla.cat\/casairla\/wp-json\/wp\/v2\/posts\/740","targetHints":{"allow":["GET"]}}],"collection":[{"href":"https:\/\/irla.cat\/casairla\/wp-json\/wp\/v2\/posts"}],"about":[{"href":"https:\/\/irla.cat\/casairla\/wp-json\/wp\/v2\/types\/post"}],"author":[{"embeddable":true,"href":"https:\/\/irla.cat\/casairla\/wp-json\/wp\/v2\/users\/1"}],"replies":[{"embeddable":true,"href":"https:\/\/irla.cat\/casairla\/wp-json\/wp\/v2\/comments?post=740"}],"version-history":[{"count":1,"href":"https:\/\/irla.cat\/casairla\/wp-json\/wp\/v2\/posts\/740\/revisions"}],"predecessor-version":[{"id":741,"href":"https:\/\/irla.cat\/casairla\/wp-json\/wp\/v2\/posts\/740\/revisions\/741"}],"wp:featuredmedia":[{"embeddable":true,"href":"https:\/\/irla.cat\/casairla\/wp-json\/wp\/v2\/media\/700"}],"wp:attachment":[{"href":"https:\/\/irla.cat\/casairla\/wp-json\/wp\/v2\/media?parent=740"}],"wp:term":[{"taxonomy":"category","embeddable":true,"href":"https:\/\/irla.cat\/casairla\/wp-json\/wp\/v2\/categories?post=740"},{"taxonomy":"post_tag","embeddable":true,"href":"https:\/\/irla.cat\/casairla\/wp-json\/wp\/v2\/tags?post=740"}],"curies":[{"name":"wp","href":"https:\/\/api.w.org\/{rel}","templated":true}]}}