{"id":734,"date":"2018-03-15T13:08:58","date_gmt":"2018-03-15T12:08:58","guid":{"rendered":"http:\/\/www.irla.cat\/casairla\/?p=734"},"modified":"2018-03-15T13:10:38","modified_gmt":"2018-03-15T12:10:38","slug":"734","status":"publish","type":"post","link":"https:\/\/irla.cat\/casairla\/2018\/03\/15\/734\/","title":{"rendered":"Presentaci\u00f3 del llibre &#8220;I tot aix\u00f2 com es paga?&#8221; Cent claus per entendre la hisenda catalana"},"content":{"rendered":"<p>Dissabte 17 de mar\u00e7 a les 19 h persentaci\u00f3 del llibre &#8220;I tot aix\u00f2 com es paga? Cent claus per entendre la hisenda catalana&#8221; amb Ferran Casas i Roger Tugas.<\/p>\n<p><!--more--><\/p>\n<p>Ferran Casas i Roger Tugas desgranen com es construir\u00e0 la Hisenda catalana sense pactar amb l\u2019Estat.<\/p>\n<p>Com hauria de ser la Hisenda catalana? Fins a quin punt \u00e9s imprescindible per poder declarar la independ\u00e8ncia?<\/p>\n<p>Quants funcionaris necessitaria? Com serien les estructures d\u2019estat que l\u2019acompanyarien com per exemple el Banc Central?<\/p>\n<p>Aquesta \u00e9s una obra que ens parla sense embuts dels problemes que caldria superar per fer-la viable, en una futura Rep\u00fablica independent o sense desconnectar d\u2019Espanya.<\/p>\n<p>Aquest treball de divulgaci\u00f3 repassa els interrogants m\u00e9s comuns que ens plantegem sobre la q\u00fcesti\u00f3 i apunta les respostes pertinents com ara el fet que el Govern pret\u00e9n captar 3.000 funcionaris de la Hisenda estatal durant el per\u00edode de desconnexi\u00f3 o d\u2019on sortiria la informaci\u00f3 per nodrir la base de dades fiscal.<\/p>\n<p>Ens mostra tamb\u00e9 el pa\u00efsos que ens poden servir de referents i aporta dades rellevants i estudis comparatius. Alhora exposa els grans reptes que hauria d\u2019afrontar aquesta nova Hisenda catalana: fugir del model d\u2019Administraci\u00f3 Tribut\u00e0ria espanyol i dissenyar un sistema fiscal modern, eficient, equitatiu, transparent, comprensible per la ciutad\u00e0 i homologable al dels pa\u00efsos europeus.<\/p>\n<p>Ferran Casas i roger Tugas resolen en 100 punts clau tots els dubtes que aniran sorgint en tot el proc\u00e9s, aborden el debat sobre na fiscalitat m\u00e9s justa i expliquen con s\u2019ha gestat pol\u00edticament el projecte i qui s\u00f3n els seu protagonistes.<\/p>\n<p>Aquesta \u00e9s una obra per a no-economistes conven\u00e7uts de la radical necessitat de tenir el model econ\u00f2mic catal\u00e0 ben apamat.<\/p>\n<p>Perqu\u00e8 la Hisenda ha de ser un dels pilars del nou estat i una pedra de toc de la seva fisonomia.<\/p>\n","protected":false},"excerpt":{"rendered":"<p>Dissabte 17 de mar\u00e7 a les 19 h persentaci\u00f3 del llibre &#8220;I tot aix\u00f2 com es paga? Cent claus per<\/p>\n","protected":false},"author":1,"featured_media":735,"comment_status":"closed","ping_status":"closed","sticky":false,"template":"","format":"standard","meta":{"footnotes":""},"categories":[1],"tags":[],"class_list":["post-734","post","type-post","status-publish","format-standard","has-post-thumbnail","hentry","category-general"],"_links":{"self":[{"href":"https:\/\/irla.cat\/casairla\/wp-json\/wp\/v2\/posts\/734","targetHints":{"allow":["GET"]}}],"collection":[{"href":"https:\/\/irla.cat\/casairla\/wp-json\/wp\/v2\/posts"}],"about":[{"href":"https:\/\/irla.cat\/casairla\/wp-json\/wp\/v2\/types\/post"}],"author":[{"embeddable":true,"href":"https:\/\/irla.cat\/casairla\/wp-json\/wp\/v2\/users\/1"}],"replies":[{"embeddable":true,"href":"https:\/\/irla.cat\/casairla\/wp-json\/wp\/v2\/comments?post=734"}],"version-history":[{"count":3,"href":"https:\/\/irla.cat\/casairla\/wp-json\/wp\/v2\/posts\/734\/revisions"}],"predecessor-version":[{"id":738,"href":"https:\/\/irla.cat\/casairla\/wp-json\/wp\/v2\/posts\/734\/revisions\/738"}],"wp:featuredmedia":[{"embeddable":true,"href":"https:\/\/irla.cat\/casairla\/wp-json\/wp\/v2\/media\/735"}],"wp:attachment":[{"href":"https:\/\/irla.cat\/casairla\/wp-json\/wp\/v2\/media?parent=734"}],"wp:term":[{"taxonomy":"category","embeddable":true,"href":"https:\/\/irla.cat\/casairla\/wp-json\/wp\/v2\/categories?post=734"},{"taxonomy":"post_tag","embeddable":true,"href":"https:\/\/irla.cat\/casairla\/wp-json\/wp\/v2\/tags?post=734"}],"curies":[{"name":"wp","href":"https:\/\/api.w.org\/{rel}","templated":true}]}}