{"id":722,"date":"2018-02-26T09:58:28","date_gmt":"2018-02-26T08:58:28","guid":{"rendered":"http:\/\/www.irla.cat\/casairla\/?p=722"},"modified":"2018-02-27T10:06:56","modified_gmt":"2018-02-27T09:06:56","slug":"la-vuitena-caixa-omple-la-casa-irla","status":"publish","type":"post","link":"https:\/\/irla.cat\/casairla\/2018\/02\/26\/la-vuitena-caixa-omple-la-casa-irla\/","title":{"rendered":"La presentaci\u00f3 de &#8220;La vuitena caixa&#8221; omple la Casa Irla"},"content":{"rendered":"<p>El passat 24 de febrer la Casa Irla es va omplir de gom a gom per assistir a la presentaci\u00f3 de\u00a0\u201cLa vuitena caixa\u201d de Dory Sontheimer.<\/p>\n<p><!--more--><\/p>\n<p>L&#8217;acte de presentaci\u00f3 del llibre\u00a0\u201cLa vuitena caixa\u201d va comptar amb la presentaci\u00f3 de Josep Murl\u00e0 i del periodista de La Vanguardia Eduardo Mart\u00edn de Pozuelo.<\/p>\n<p>Poc despr\u00e9s de morir la seva mare Dory Sontheimer va descobrir a casa seva set caixes amb fotografies, cartes, passaports i altres documents que li revelaven la seva identitat jueva i la dram\u00e0tica hist\u00f2ria de la seva fam\u00edlia, v\u00edctima de la persecuci\u00f3 nazi.<\/p>\n<p>Ho va explicar a &#8220;Les set caixes&#8221;, un llibre inoblidable que va estar a la llista de m\u00e9s venuts durant setmanes, i despr\u00e9s va continuar investigant arreu del m\u00f3n per saber m\u00e9s sobre el seu passat i la seva fam\u00edlia<\/p>\n<p>Ara a &#8220;La vuitena caixa&#8221; ha reconstru\u00eft els itineraris vitals de cinc nens de la fam\u00edlia \u2014Catherine, Peter, Michael, Pavel i Tommy\u2014 que, atrapats en un dels per\u00edodes m\u00e9s vergonyants per a la Humanitat, van tenir destins diferents en la tr\u00e0gica ruleta de la vida i la mort.<\/p>\n<p><strong>Dory Sontheimer<\/strong><\/p>\n<p>Nascuda a Barcelona el 1946, \u00e9s llicenciada en farm\u00e0cia i \u00f2ptica per la Universitat de Barcelona i graduada en PDG per IESE Business School. Des del 2007 cursa estudis d\u2019hist\u00f2ria contempor\u00e0nia i de narrativa.<\/p>\n<p>Arran de l\u2019\u00e8xit de &#8220;Les set caixes&#8221; (2014), un aut\u00e8ntic fenomen de vendres i amb gran repercussi\u00f3 als mitjans, ha impartit m\u00e9s de setanta confer\u00e8ncies en auditoris tan destacats com el Palau de la Generalitat, la Universitat Humboldt de Berl\u00edn, el Goethe Institut de Friburg o la Universitat de Barcelona.<\/p>\n<p>&#8220;La vuitena caixa&#8221; \u00e9s el seu segon llibre.<\/p>\n<p><img loading=\"lazy\" decoding=\"async\" class=\"size-medium wp-image-723 alignleft\" src=\"http:\/\/www.irla.cat\/casairla\/wp-content\/uploads\/2018\/02\/Presentacio-La-vuitena-caixa-01-300x214.jpg\" alt=\"\" width=\"300\" height=\"214\" srcset=\"https:\/\/irla.cat\/casairla\/wp-content\/uploads\/2018\/02\/Presentacio-La-vuitena-caixa-01-300x214.jpg 300w, https:\/\/irla.cat\/casairla\/wp-content\/uploads\/2018\/02\/Presentacio-La-vuitena-caixa-01.jpg 350w\" sizes=\"auto, (max-width: 300px) 100vw, 300px\" \/> <img loading=\"lazy\" decoding=\"async\" class=\"size-medium wp-image-724 alignleft\" src=\"http:\/\/www.irla.cat\/casairla\/wp-content\/uploads\/2018\/02\/Presentacio-La-vuitena-caixa-02-300x214.jpg\" alt=\"\" width=\"300\" height=\"214\" srcset=\"https:\/\/irla.cat\/casairla\/wp-content\/uploads\/2018\/02\/Presentacio-La-vuitena-caixa-02-300x214.jpg 300w, https:\/\/irla.cat\/casairla\/wp-content\/uploads\/2018\/02\/Presentacio-La-vuitena-caixa-02.jpg 350w\" sizes=\"auto, (max-width: 300px) 100vw, 300px\" \/><\/p>\n","protected":false},"excerpt":{"rendered":"<p>El passat 24 de febrer la Casa Irla es va omplir de gom a gom per assistir a la presentaci\u00f3<\/p>\n","protected":false},"author":1,"featured_media":723,"comment_status":"closed","ping_status":"closed","sticky":false,"template":"template-fullwidth.php","format":"standard","meta":{"footnotes":""},"categories":[1],"tags":[],"class_list":["post-722","post","type-post","status-publish","format-standard","has-post-thumbnail","hentry","category-general"],"_links":{"self":[{"href":"https:\/\/irla.cat\/casairla\/wp-json\/wp\/v2\/posts\/722","targetHints":{"allow":["GET"]}}],"collection":[{"href":"https:\/\/irla.cat\/casairla\/wp-json\/wp\/v2\/posts"}],"about":[{"href":"https:\/\/irla.cat\/casairla\/wp-json\/wp\/v2\/types\/post"}],"author":[{"embeddable":true,"href":"https:\/\/irla.cat\/casairla\/wp-json\/wp\/v2\/users\/1"}],"replies":[{"embeddable":true,"href":"https:\/\/irla.cat\/casairla\/wp-json\/wp\/v2\/comments?post=722"}],"version-history":[{"count":3,"href":"https:\/\/irla.cat\/casairla\/wp-json\/wp\/v2\/posts\/722\/revisions"}],"predecessor-version":[{"id":727,"href":"https:\/\/irla.cat\/casairla\/wp-json\/wp\/v2\/posts\/722\/revisions\/727"}],"wp:featuredmedia":[{"embeddable":true,"href":"https:\/\/irla.cat\/casairla\/wp-json\/wp\/v2\/media\/723"}],"wp:attachment":[{"href":"https:\/\/irla.cat\/casairla\/wp-json\/wp\/v2\/media?parent=722"}],"wp:term":[{"taxonomy":"category","embeddable":true,"href":"https:\/\/irla.cat\/casairla\/wp-json\/wp\/v2\/categories?post=722"},{"taxonomy":"post_tag","embeddable":true,"href":"https:\/\/irla.cat\/casairla\/wp-json\/wp\/v2\/tags?post=722"}],"curies":[{"name":"wp","href":"https:\/\/api.w.org\/{rel}","templated":true}]}}