{"id":718,"date":"2018-02-27T09:57:12","date_gmt":"2018-02-27T08:57:12","guid":{"rendered":"http:\/\/www.irla.cat\/casairla\/?p=718"},"modified":"2018-02-27T09:58:28","modified_gmt":"2018-02-27T08:58:28","slug":"xerrada-sobre-la-la-figura-politica-i-humana-de-josep-irla","status":"publish","type":"post","link":"https:\/\/irla.cat\/casairla\/2018\/02\/27\/xerrada-sobre-la-la-figura-politica-i-humana-de-josep-irla\/","title":{"rendered":"Xerrada sobre la la figura pol\u00edtica i humana de Josep Irla"},"content":{"rendered":"<p>Dissabte dia 3 de mar\u00e7 a les 19h presentem &#8220;Josep\u00a0Irla\u00a0i Bosch, als seixanta anys de la seva mort&#8221;.<\/p>\n<p><!--more--><\/p>\n<p>La Xerrada que anir\u00e0 a c\u00e0rrec de Merc\u00e8 Morales i Jordi Gaitx, repassar\u00e0 la tragect\u00f2ria humana i pol\u00edtica de Josep Irla i Bosch on va tenir un paper\u00a0cabdal en la hist\u00f2ria de Catalunya, mantenint la continu\u00eftat i defensa de la legitimitat del Parlament i de la Generalitat republicanes arrabassades pel franquisme.<\/p>\n<p><strong>Josep\u00a0Irla\u00a0Bosch<\/strong> (Sant Feliu de Gu\u00edxols, 1876 \u2013 Sant Raf\u00e8u, 1958) va cr\u00e9ixer en una fam\u00edlia i en un entorn social republic\u00e0, federal i catalanista.<\/p>\n<p>Professionalment, comen\u00e7\u00e0 participant en el negoci dels pares, la taverna de Cal Romaguer de Sant Feliu, i en una modesta f\u00e0brica de taps de suro, per\u00f2 ben aviat \u2013junt als seus dos inseparables germans\u2013 la va fer cr\u00e9ixer i, alhora, s\u2019establ\u00ed com a agent de duanes, importador i consignatari de vaixells.<\/p>\n<p>En els inicis de la seva activitat pol\u00edtica fou un dels fundadors del setmanari republic\u00e0 federal del Baix Empord\u00e0 El Programa i membre de la societat ma\u00e7\u00f2nica Gesoria. Inici\u00e0 aix\u00ed una llarga carrera de representant pol\u00edtic, que comen\u00e7\u00e0 a l\u2019ajuntament de Sant Feliu de Gu\u00edxols i acab\u00e0 al capdamunt de les institucions catalanes.<\/p>\n<p>Pass\u00e0 per l\u2019alcaldia de Sant Feliu de Gu\u00edxols (1906), per la Diputaci\u00f3 de Girona (1911-1923) i, per tant, per la Mancomunitat.de Catalunya, on defens\u00e0 sempre mesures socials progressistes i de defensa de la cultura catalana.<\/p>\n<p>Despr\u00e9s de patir ostracisme i pres\u00f3 durant la dictadura de Primo de Rivera, fou nomenat comissari delegat de la Generalitat a Girona, quan aquesta fou restablerta. Les eleccions de 1932 el confirmaren com a diputat al Parlament de Catalunya. Renunci\u00e0 a ser conseller de Governaci\u00f3, per\u00f2 ocup\u00e0 els c\u00e0rrecs de director general d\u2019Ind\u00fastria, a Madrid, i d\u2019Assist\u00e8ncia Social, a Barcelona.<\/p>\n<p>Durant la Guerra Civil, a m\u00e9s, exerc\u00ed de conseller delegat de Sanitat, sotssecretari de Cultura i director general de Patrimoni. L\u2019octubre de 1938 fou escollit president del Parlament de Catalunya i com a tal s\u2019exili\u00e0 el gener de 1939, junt a la seva fam\u00edlia i la majoria de diputats catalans.<br \/>\n<em>Jordi Gaitx<\/em><\/p>\n<p><strong>Josep\u00a0Irla\u00a0i Bosch<\/strong>\u00a0va acomplir un paper cabdal en la hist\u00f2ria del nostre pa\u00eds: la continu\u00eftat i defensa de la legitimitat del Parlament i de la Generalitat republicanes arrabassades pel franquisme.<\/p>\n<p>Va ser el president de la Generalitat durant els anys m\u00e9s actius i esperan\u00e7adors de la pol\u00edtica catalana a l\u2019exili, aquells en els quals el triomf dels Aliats a la segona guerra mundial permetien somiar amb un immediat retorn a Catalunya.<\/p>\n<p>Per\u00f2, tamb\u00e9, en els \u00faltims anys de la seva presid\u00e8ncia,\u00a0Irla\u00a0va ser el president dels anys m\u00e9s descoratjadors, d\u2019aquells en els quals, la tan desitjada intervenci\u00f3 internacional per fer caure el govern franquista es va esvair, amb la conseg\u00fcent p\u00e8rdua d\u2019influ\u00e8ncia dels governs republicans exiliats a l\u2019oposici\u00f3 antifranquista.<\/p>\n<p>Entre 1940 i 1954, Josep\u00a0Irla\u00a0va presidir la Generalitat de Catalunya en un context pol\u00edtic extrem. Eren els anys de la postguerra espanyola m\u00e9s ferotge; de l\u2019Europa sumida en un conflicte b\u00e8l\u00b7lic devastador, i el del m\u00f3n que es repartia i rearmava amb la guerra freda.<\/p>\n<p>Josep\u00a0Irla\u00a0era el president a l\u2019exili d\u2019una Catalunya violentada i reprimida per la dictadura franquista. Aquella nova Espanya que havia afusellat al president Companys. Era el president d\u2019una Catalunya amb profundes escletxes pol\u00edtiques qu\u00e8, malgrat el seu esfor\u00e7 per superar-les amb la formaci\u00f3 d\u2019un govern d\u2019unitat (1945-1948) -l\u2019\u00fanic govern de la Generalitat a l\u2019exili-, mai no va aconseguir assolir.<\/p>\n<p>\u00c9s, en aquest context, en el qual Josep\u00a0Irla\u00a0exerceix la presid\u00e8ncia m\u00e9s singular de la Generalitat del segle xx, uns anys en els quals el debat pol\u00edtic sobre la futura Catalunya plantejava el dret a l\u2019autodeterminaci\u00f3 i la superaci\u00f3 de la via estatut\u00e0ria.<br \/>\n<em>Merc\u00e8 Morales<\/em><\/p>\n","protected":false},"excerpt":{"rendered":"<p>Dissabte dia 3 de mar\u00e7 a les 19h presentem &#8220;Josep\u00a0Irla\u00a0i Bosch, als seixanta anys de la seva mort&#8221;.<\/p>\n","protected":false},"author":1,"featured_media":719,"comment_status":"closed","ping_status":"closed","sticky":false,"template":"template-fullwidth.php","format":"standard","meta":{"footnotes":""},"categories":[1],"tags":[],"class_list":["post-718","post","type-post","status-publish","format-standard","has-post-thumbnail","hentry","category-general"],"_links":{"self":[{"href":"https:\/\/irla.cat\/casairla\/wp-json\/wp\/v2\/posts\/718","targetHints":{"allow":["GET"]}}],"collection":[{"href":"https:\/\/irla.cat\/casairla\/wp-json\/wp\/v2\/posts"}],"about":[{"href":"https:\/\/irla.cat\/casairla\/wp-json\/wp\/v2\/types\/post"}],"author":[{"embeddable":true,"href":"https:\/\/irla.cat\/casairla\/wp-json\/wp\/v2\/users\/1"}],"replies":[{"embeddable":true,"href":"https:\/\/irla.cat\/casairla\/wp-json\/wp\/v2\/comments?post=718"}],"version-history":[{"count":2,"href":"https:\/\/irla.cat\/casairla\/wp-json\/wp\/v2\/posts\/718\/revisions"}],"predecessor-version":[{"id":721,"href":"https:\/\/irla.cat\/casairla\/wp-json\/wp\/v2\/posts\/718\/revisions\/721"}],"wp:featuredmedia":[{"embeddable":true,"href":"https:\/\/irla.cat\/casairla\/wp-json\/wp\/v2\/media\/719"}],"wp:attachment":[{"href":"https:\/\/irla.cat\/casairla\/wp-json\/wp\/v2\/media?parent=718"}],"wp:term":[{"taxonomy":"category","embeddable":true,"href":"https:\/\/irla.cat\/casairla\/wp-json\/wp\/v2\/categories?post=718"},{"taxonomy":"post_tag","embeddable":true,"href":"https:\/\/irla.cat\/casairla\/wp-json\/wp\/v2\/tags?post=718"}],"curies":[{"name":"wp","href":"https:\/\/api.w.org\/{rel}","templated":true}]}}