{"id":711,"date":"2018-03-05T10:00:59","date_gmt":"2018-03-05T09:00:59","guid":{"rendered":"http:\/\/www.irla.cat\/casairla\/?p=711"},"modified":"2018-03-07T12:57:08","modified_gmt":"2018-03-07T11:57:08","slug":"exposicio-dolga-massaguer-face-to-face","status":"publish","type":"post","link":"https:\/\/irla.cat\/casairla\/2018\/03\/05\/exposicio-dolga-massaguer-face-to-face\/","title":{"rendered":"Inauguraci\u00f3 de l&#8217;exposici\u00f3 d&#8217;Olga Massaguer &#8220;Face to face&#8221;"},"content":{"rendered":"<div>El proper dissabte dia 10 de mar\u00e7 a les 19h inaugurem l&#8217;exposici\u00f3 de l&#8217;Olga Massaguer que porta per t\u00edtol &#8220;Face to face&#8221;.<\/div>\n<p><!--more--><\/p>\n<div>\u00a0Busco dins meu per dir tot el que no es diu amb paraules directes, treballant sobre la tela que es deixa manipular, sobre una tela que poc a poc pren cos i dialoga amb la del seu costat creant un m\u00f3n tancat de paraules interiors i de mirades buscades.<\/div>\n<div><\/div>\n<div>Un m\u00f3n amb vincles imaginaris que fan que el conjunt sigui una sola obra.<\/div>\n<div>\n<div><\/div>\n<div>Entrada lliure i gratu\u00efta<\/div>\n<div><\/div>\n<\/div>\n","protected":false},"excerpt":{"rendered":"<p>El proper dissabte dia 10 de mar\u00e7 a les 19h inaugurem l&#8217;exposici\u00f3 de l&#8217;Olga Massaguer que porta per t\u00edtol &#8220;Face<\/p>\n","protected":false},"author":1,"featured_media":712,"comment_status":"closed","ping_status":"closed","sticky":false,"template":"template-fullwidth.php","format":"standard","meta":{"footnotes":""},"categories":[1],"tags":[],"class_list":["post-711","post","type-post","status-publish","format-standard","has-post-thumbnail","hentry","category-general"],"_links":{"self":[{"href":"https:\/\/irla.cat\/casairla\/wp-json\/wp\/v2\/posts\/711","targetHints":{"allow":["GET"]}}],"collection":[{"href":"https:\/\/irla.cat\/casairla\/wp-json\/wp\/v2\/posts"}],"about":[{"href":"https:\/\/irla.cat\/casairla\/wp-json\/wp\/v2\/types\/post"}],"author":[{"embeddable":true,"href":"https:\/\/irla.cat\/casairla\/wp-json\/wp\/v2\/users\/1"}],"replies":[{"embeddable":true,"href":"https:\/\/irla.cat\/casairla\/wp-json\/wp\/v2\/comments?post=711"}],"version-history":[{"count":3,"href":"https:\/\/irla.cat\/casairla\/wp-json\/wp\/v2\/posts\/711\/revisions"}],"predecessor-version":[{"id":732,"href":"https:\/\/irla.cat\/casairla\/wp-json\/wp\/v2\/posts\/711\/revisions\/732"}],"wp:featuredmedia":[{"embeddable":true,"href":"https:\/\/irla.cat\/casairla\/wp-json\/wp\/v2\/media\/712"}],"wp:attachment":[{"href":"https:\/\/irla.cat\/casairla\/wp-json\/wp\/v2\/media?parent=711"}],"wp:term":[{"taxonomy":"category","embeddable":true,"href":"https:\/\/irla.cat\/casairla\/wp-json\/wp\/v2\/categories?post=711"},{"taxonomy":"post_tag","embeddable":true,"href":"https:\/\/irla.cat\/casairla\/wp-json\/wp\/v2\/tags?post=711"}],"curies":[{"name":"wp","href":"https:\/\/api.w.org\/{rel}","templated":true}]}}