{"id":707,"date":"2018-02-13T13:53:00","date_gmt":"2018-02-13T12:53:00","guid":{"rendered":"http:\/\/www.irla.cat\/casairla\/?p=707"},"modified":"2018-02-27T09:37:00","modified_gmt":"2018-02-27T08:37:00","slug":"presentacio-de-la-vuitena-caixa-de-dory-sontheimer-2","status":"publish","type":"post","link":"https:\/\/irla.cat\/casairla\/2018\/02\/13\/presentacio-de-la-vuitena-caixa-de-dory-sontheimer-2\/","title":{"rendered":"Presentaci\u00f3 de \u201cLa vuitena caixa\u201d de Dory Sontheimer"},"content":{"rendered":"<p>Dissabte dia 24 de febrer a les 19h\u00a0 presentem el llibre &#8220;La vuitena caixa&#8221; de la Dory Sontheimer. Intervindr\u00e0 Eduardo Mart\u00edn de Pozuelo i presentar\u00e0 l&#8217;acte Josep Murl\u00e0.<\/p>\n<p><!--more--><\/p>\n<p>Entre 1939 i 1945 els nazis no van deixar que un mili\u00f3 i mig de nens arribessin a ser adults. Van considerar que no tenien dret a la vida.<\/p>\n<p>Durant el mateix per\u00edode altres milers de nens van entrar a la ruleta de la sort intentant que els toqu\u00e9s els n\u00fameros de la vida. Alguns ho van aconseguir, altres no.<\/p>\n<p>Cinc nens de la meva fam\u00edlia, la Catherine, en Peter, en Michael, en Tommy i en Pavel formaven part dels dos grups. Tots s\u00f3n descendents de la meva fam\u00edlia de Praga. Fills de fam\u00edlies de professionals integrades a la societat europea. Per\u00f2 alguna cosa, una joguina al que normalment de petits posem nom i \u201c\u00e0nima\u201d va ser testimoni mut de les seves vicissituds: una nina.<\/p>\n<p>La meva tieta Dorel, germana del meu pare, la va portar des de Barcelona a Praga el 1935, quatre anys abans que els nazis entressin a aquesta ciutat. Ara, setanta anys despr\u00e9s, aquesta nina est\u00e0 asseguda al meu despatx. Al seu costat, amb les<br \/>\nseves viv\u00e8ncies, he viatjat al passat i he penetrat a la llum i a l\u2019ombra d\u2019aquells anys en els quals uns nens innocents jugaven als carrers mentrestant un govern emetia decrets, en despatxos ministerials, per exterminar un col\u00b7lectiu hum\u00e0, entre ells nens. He mirat i he vist a trav\u00e9s dels ulls de la Patty, la nina, i he escoltat a trav\u00e9s de les seves orelles. He observat, sentit i interioritzat tot el viscut per ella. M\u2019he dedicat a rec\u00f3rrer els seus llocs, trepitjar els mateixos carrers i ciutats per on la van portar i he traspassat la frontera del temps per poder explicar el que aquells cinc nens van viure.<\/p>\n<p>He vist somriure i plorar a la Patty i com les seves galtes encerades i rosades han empal\u00b7lidit de por. He tingut el privilegi de poder ser la veu dels crits silenciosos dels quals no van poder parlar<\/p>\n","protected":false},"excerpt":{"rendered":"<p>Dissabte dia 24 de febrer a les 19h\u00a0 presentem el llibre &#8220;La vuitena caixa&#8221; de la Dory Sontheimer. Intervindr\u00e0 Eduardo<\/p>\n","protected":false},"author":1,"featured_media":668,"comment_status":"closed","ping_status":"closed","sticky":false,"template":"template-fullwidth.php","format":"standard","meta":{"footnotes":""},"categories":[1],"tags":[],"class_list":["post-707","post","type-post","status-publish","format-standard","has-post-thumbnail","hentry","category-general"],"_links":{"self":[{"href":"https:\/\/irla.cat\/casairla\/wp-json\/wp\/v2\/posts\/707","targetHints":{"allow":["GET"]}}],"collection":[{"href":"https:\/\/irla.cat\/casairla\/wp-json\/wp\/v2\/posts"}],"about":[{"href":"https:\/\/irla.cat\/casairla\/wp-json\/wp\/v2\/types\/post"}],"author":[{"embeddable":true,"href":"https:\/\/irla.cat\/casairla\/wp-json\/wp\/v2\/users\/1"}],"replies":[{"embeddable":true,"href":"https:\/\/irla.cat\/casairla\/wp-json\/wp\/v2\/comments?post=707"}],"version-history":[{"count":2,"href":"https:\/\/irla.cat\/casairla\/wp-json\/wp\/v2\/posts\/707\/revisions"}],"predecessor-version":[{"id":710,"href":"https:\/\/irla.cat\/casairla\/wp-json\/wp\/v2\/posts\/707\/revisions\/710"}],"wp:featuredmedia":[{"embeddable":true,"href":"https:\/\/irla.cat\/casairla\/wp-json\/wp\/v2\/media\/668"}],"wp:attachment":[{"href":"https:\/\/irla.cat\/casairla\/wp-json\/wp\/v2\/media?parent=707"}],"wp:term":[{"taxonomy":"category","embeddable":true,"href":"https:\/\/irla.cat\/casairla\/wp-json\/wp\/v2\/categories?post=707"},{"taxonomy":"post_tag","embeddable":true,"href":"https:\/\/irla.cat\/casairla\/wp-json\/wp\/v2\/tags?post=707"}],"curies":[{"name":"wp","href":"https:\/\/api.w.org\/{rel}","templated":true}]}}