{"id":698,"date":"2018-01-15T11:26:07","date_gmt":"2018-01-15T10:26:07","guid":{"rendered":"http:\/\/www.irla.cat\/casairla\/?p=698"},"modified":"2018-01-15T11:26:31","modified_gmt":"2018-01-15T10:26:31","slug":"xerrada-i-sortida-amb-assumpta-montella","status":"publish","type":"post","link":"https:\/\/irla.cat\/casairla\/2018\/01\/15\/xerrada-i-sortida-amb-assumpta-montella\/","title":{"rendered":"Xerrada i sortida amb l&#8217;escriptora Assumpta Montell\u00e0"},"content":{"rendered":"<p>Dissabte 27 de gener a les 20 h es presentar\u00e0 el llibre d&#8217;Assumpta Montella &#8220;El set\u00e8 cami\u00f3: el tresor perdut de la Rep\u00fablica&#8221;.<\/p>\n<p><!--more--><\/p>\n<p>La presentaci\u00f3 del llibre es complementar\u00e0 amb una sortida organitzada pels Amics del Museu, el 29 d&#8217;abril per la &#8220;Ruta de l&#8217;exili&#8221;.<\/p>\n<p>En els darrers dies de la Catalunya republicana cohabitaven els dos governs: govern Negr\u00edn-Aza\u00f1a i govern Companys. Eren els dies previs a la derrota i a l\u2019exili.<\/p>\n<p>Negr\u00edn guardava el seu secret m\u00e9s ben guardat a La Vajol (Alt Empord\u00e0): una mina de talc convertida en caixa forta per guardar-hi els lingots d\u2019or de la Rep\u00fablica, a punt per passar la frontera. Per\u00f2 el dia senyalat, un cami\u00f3 comandat per carrabiners, que feia el transport des de la Vajol fins a Fran\u00e7a, perd la seva c\u00e0rrega: una tona d\u2019or, enmig del caos de la Retirada. El cami\u00f3 se\u2019l coneix com: EL SET\u00c8 CAMI\u00d3.<\/p>\n<p>Aquest\u00e0 \u00e9s la premisa sobre la que es basa el llibre d&#8217;Assumpta Montella &#8220;El set\u00e8 cami\u00f3: el tresor perdut de la Rep\u00fablica&#8221;.<\/p>\n<p>Assumpta Montell\u00e0,\u00a0l\u2019autora de La maternitat d\u2019Elna, ens descobreix en aquest apassionant llibre d\u2019investigaci\u00f3, El set\u00e8 cami\u00f3, la hist\u00f2ria dels tresors que l\u2019ag\u00f2nica Rep\u00fablica de Negr\u00edn va intentar salvar de la desfeta. A trav\u00e9s del mite del set\u00e8 cami\u00f3, barreja de llegenda i realitat, que encara avui continua viu a la mem\u00f2ria dels empordanesos.<\/p>\n<hr \/>\n<p>Despr\u00e9s d&#8217;aquesta confer\u00e8ncia es far\u00e0 una sortida sota el t\u00edtol &#8220;Ruta de l&#8217;Exili&#8221;\u00a0el diumenge 29 d&#8217;abril amb l&#8217;Assumpta Montell\u00e0 de guia a Figueres-La Vajol i Coll de Lli amb la col\u00b7laboraci\u00f3 del Amics del Museu de Sant Feliu de Gu\u00edxols.<\/p>\n<p>Totes aquelles persones que vulguin assistir a la sortida cal que contactin i reservin la seva pla\u00e7a a:<br \/>\nTel\u00e8fons: 600 43 33 82\u00a0| 972 11 74 39<br \/>\nCorreu electr\u00f2nic:\u00a0amicsmuseu@gmail.com\u00a0| casa@irla.cat<\/p>\n<p>Per la sortida de &#8220;Ruta de l&#8217;Exili&#8221;, la log\u00edstica seria:<\/p>\n<table>\n<tbody>\n<tr>\n<td>08:30h<\/td>\n<td>Sortida de St. Feliu de Gu\u00edxols<\/td>\n<\/tr>\n<tr>\n<td>10:00h<\/td>\n<td>\u00a0Esmorzar a la cantina de El Castell de Figueres (pots portar l&#8217;esmorzar de casa i all\u00e0 prendre un caf\u00e8 etc. pastes)<\/td>\n<\/tr>\n<tr>\n<td>10:30h<\/td>\n<td>Visita guiada per l&#8217;Assumpta Montell\u00e0, sobre la fortalesa, les seves caracter\u00edstiques i els fets hist\u00f2rics que es van succeir dins el castell en aquells darrers dies de la Catalunya republicana.<\/td>\n<\/tr>\n<tr>\n<td>12:00h<\/td>\n<td>Sortida cap a La Vajol.<\/td>\n<\/tr>\n<tr>\n<td>13:00h<\/td>\n<td>Arribada a la Mina d&#8217;en Negrin i explicaci\u00f3 de la hist\u00f2ria de &#8220;El set\u00e8 cami\u00f3&#8221;.<\/td>\n<\/tr>\n<tr>\n<td>14:00h<\/td>\n<td>Dinar a la Vajol*<\/td>\n<\/tr>\n<tr>\n<td>16:00h<\/td>\n<td>Explicaci\u00f3 del final de &#8220;El set\u00e8 cami\u00f3&#8221;. On est\u00e0 l&#8217;or?<\/td>\n<\/tr>\n<tr>\n<td>\u00a017:00h<\/td>\n<td>Visita al Coll de la manrella.<\/td>\n<\/tr>\n<tr>\n<td>18:00h<\/td>\n<td>Tornada<\/td>\n<\/tr>\n<tr>\n<td>19:00h<\/td>\n<td>Arrivada a St. Feliu de Gu\u00edxols<\/td>\n<\/tr>\n<\/tbody>\n<\/table>\n<p><strong>*Dinar a la Vajol Men\u00fa de 15\u20ac<\/strong><br \/>\nEmbotits de la comarca amb amanida i pa torrat<br \/>\nVedella rostida amb bolets i patates al forn<br \/>\nPostres caf\u00e8 pa vi i aigua<\/p>\n<p>&nbsp;<\/p>\n<p><strong>La sortida t\u00e9 un cost de 26\u20ac per persona + 15\u20ac del dinar (41\u20ac per persona)<\/strong><br \/>\nEl preu inclou les visites guiades i les explicacions, el bus, el restaurant, una asseguran\u00e7a personal.<br \/>\nLa sortida s&#8217;haur\u00e0 de pagar al mateix moment de la sortida.<\/p>\n<p>&nbsp;<\/p>\n<hr \/>\n<p>A la ruta de &#8220;El set\u00e8 cami\u00f3&#8221; desvetllem les baixes passions del g\u00e8nere hum\u00e0. El robatori de l\u2019or, la guerra, la tra\u00efdoria, la cobd\u00edcia&#8230; tot entra dins aquesta hist\u00f2ria que explica com un darrer cami\u00f3, a les acaballes de la guerra va perdre la seva c\u00e0rrega, una tona d\u2019or, pels camins de La Vajol, tocant frontera.<\/p>\n<p>Seguir les rastres d\u2019aquest cami\u00f3 \u00e9s el fil conductor de la sortida. Per\u00f3 abans la ruta comen\u00e7a al Castell de Sant Ferran de Figueres, la fortalesa militar m\u00e9s gran d\u2019Europa.<\/p>\n<p>En aquell castell es va celebrar la darrer sessi\u00f3 de Corts espanyoles abans de marxar a l\u2019exili, i tamb\u00e9 es poden visitar les antigues cavallerisses on es guardaven els quadres del Prado. En el seu pati d\u2019armes es signaria l\u2019acord de Figueres, el febrer de 1939, important\u00edssim per salvar tota la pinacoteca del Prado, que marxaria cap a Ginebra fins al final de la guerra.<\/p>\n<p>Tot resseguint els camins d\u2019exili, s\u2019arriba fins a La Vajol, on trobarem la masia de Can Barris. All\u00e0 s\u2019hi allotjava el President Aza\u00f1a. A nom\u00e9s 300 metres, trobarem la Mina Canta o d\u2019en Negr\u00edn, un dip\u00f2sit secret on es guardaren tamb\u00e9 quadres del Prado i lingots d\u2019or de la Rep\u00fablica. D\u2019aquesta mina arrenca el mite d'&#8221;El set\u00e8 cami\u00f3&#8221;. Seguir les pistes del cami\u00f3 i el seu or perdut, robat o enterrat&#8230;encara aixeca passions.<\/p>\n<p>La sortida finalitza al Coll de la Manrella, pas per on va creuar la frontera el President Companys cap a l\u2019exili. All\u00e0, damunt la ratlla de Fran\u00e7a, es recorda al President de la Generalitat afusellat.<\/p>\n<p>S\u2019acaba la ruta amb el cant de Els Segadors.<\/p>\n<p>&nbsp;<\/p>\n","protected":false},"excerpt":{"rendered":"<p>Dissabte 27 de gener a les 20 h es presentar\u00e0 el llibre d&#8217;Assumpta Montella &#8220;El set\u00e8 cami\u00f3: el tresor perdut<\/p>\n","protected":false},"author":1,"featured_media":700,"comment_status":"closed","ping_status":"closed","sticky":false,"template":"template-fullwidth.php","format":"standard","meta":{"footnotes":""},"categories":[1],"tags":[],"class_list":["post-698","post","type-post","status-publish","format-standard","has-post-thumbnail","hentry","category-general"],"_links":{"self":[{"href":"https:\/\/irla.cat\/casairla\/wp-json\/wp\/v2\/posts\/698","targetHints":{"allow":["GET"]}}],"collection":[{"href":"https:\/\/irla.cat\/casairla\/wp-json\/wp\/v2\/posts"}],"about":[{"href":"https:\/\/irla.cat\/casairla\/wp-json\/wp\/v2\/types\/post"}],"author":[{"embeddable":true,"href":"https:\/\/irla.cat\/casairla\/wp-json\/wp\/v2\/users\/1"}],"replies":[{"embeddable":true,"href":"https:\/\/irla.cat\/casairla\/wp-json\/wp\/v2\/comments?post=698"}],"version-history":[{"count":3,"href":"https:\/\/irla.cat\/casairla\/wp-json\/wp\/v2\/posts\/698\/revisions"}],"predecessor-version":[{"id":702,"href":"https:\/\/irla.cat\/casairla\/wp-json\/wp\/v2\/posts\/698\/revisions\/702"}],"wp:featuredmedia":[{"embeddable":true,"href":"https:\/\/irla.cat\/casairla\/wp-json\/wp\/v2\/media\/700"}],"wp:attachment":[{"href":"https:\/\/irla.cat\/casairla\/wp-json\/wp\/v2\/media?parent=698"}],"wp:term":[{"taxonomy":"category","embeddable":true,"href":"https:\/\/irla.cat\/casairla\/wp-json\/wp\/v2\/categories?post=698"},{"taxonomy":"post_tag","embeddable":true,"href":"https:\/\/irla.cat\/casairla\/wp-json\/wp\/v2\/tags?post=698"}],"curies":[{"name":"wp","href":"https:\/\/api.w.org\/{rel}","templated":true}]}}