{"id":680,"date":"2018-01-09T13:17:54","date_gmt":"2018-01-09T12:17:54","guid":{"rendered":"http:\/\/www.irla.cat\/casairla\/?p=680"},"modified":"2018-01-09T13:18:49","modified_gmt":"2018-01-09T12:18:49","slug":"inauguracio-exposicio-ana-garcia-royo-blanc","status":"publish","type":"post","link":"https:\/\/irla.cat\/casairla\/2018\/01\/09\/inauguracio-exposicio-ana-garcia-royo-blanc\/","title":{"rendered":"Inauguraci\u00f3 de l&#8217;exposici\u00f3 &#8220;Blanc&#8221; d&#8217;Ana Garcia Royo"},"content":{"rendered":"<h3>Ana Garcia Royo &#8220;Anagaro&#8221;\u00a0 inaugurar\u00e0 dissabte 13 de gener la seva exposici\u00f3\u00a0 titulada &#8220;Blanc&#8221; a la Casa Irla.<\/h3>\n<p><!--more--><\/p>\n<p>Com una p\u00e0gina en blanc, tot t\u00e9 un\u00a0 inici, un punt de partida; una mirara, un somriure, un gest, un instant, un pensament&#8230;<\/p>\n<p>Tot comena en un moment donat, dest\u00ed o casualitat, des de zero, des del blanc, tan uit, per\u00f2 alhora tan ple.<\/p>\n<p>L&#8217;exposici\u00f3 es podr\u00e0 veure des del 13 de gener fins al 4 de mar\u00e7.<\/p>\n<p>&nbsp;<\/p>\n<p>&nbsp;<\/p>\n","protected":false},"excerpt":{"rendered":"<p>Ana Garcia Royo &#8220;Anagaro&#8221;\u00a0 inaugurar\u00e0 dissabte 13 de gener la seva exposici\u00f3\u00a0 titulada &#8220;Blanc&#8221; a la Casa Irla.<\/p>\n","protected":false},"author":1,"featured_media":683,"comment_status":"open","ping_status":"open","sticky":false,"template":"template-fullwidth.php","format":"standard","meta":{"footnotes":""},"categories":[1],"tags":[],"class_list":["post-680","post","type-post","status-publish","format-standard","has-post-thumbnail","hentry","category-general"],"_links":{"self":[{"href":"https:\/\/irla.cat\/casairla\/wp-json\/wp\/v2\/posts\/680","targetHints":{"allow":["GET"]}}],"collection":[{"href":"https:\/\/irla.cat\/casairla\/wp-json\/wp\/v2\/posts"}],"about":[{"href":"https:\/\/irla.cat\/casairla\/wp-json\/wp\/v2\/types\/post"}],"author":[{"embeddable":true,"href":"https:\/\/irla.cat\/casairla\/wp-json\/wp\/v2\/users\/1"}],"replies":[{"embeddable":true,"href":"https:\/\/irla.cat\/casairla\/wp-json\/wp\/v2\/comments?post=680"}],"version-history":[{"count":5,"href":"https:\/\/irla.cat\/casairla\/wp-json\/wp\/v2\/posts\/680\/revisions"}],"predecessor-version":[{"id":686,"href":"https:\/\/irla.cat\/casairla\/wp-json\/wp\/v2\/posts\/680\/revisions\/686"}],"wp:featuredmedia":[{"embeddable":true,"href":"https:\/\/irla.cat\/casairla\/wp-json\/wp\/v2\/media\/683"}],"wp:attachment":[{"href":"https:\/\/irla.cat\/casairla\/wp-json\/wp\/v2\/media?parent=680"}],"wp:term":[{"taxonomy":"category","embeddable":true,"href":"https:\/\/irla.cat\/casairla\/wp-json\/wp\/v2\/categories?post=680"},{"taxonomy":"post_tag","embeddable":true,"href":"https:\/\/irla.cat\/casairla\/wp-json\/wp\/v2\/tags?post=680"}],"curies":[{"name":"wp","href":"https:\/\/api.w.org\/{rel}","templated":true}]}}