{"id":667,"date":"2017-10-11T10:09:12","date_gmt":"2017-10-11T09:09:12","guid":{"rendered":"http:\/\/www.irla.cat\/casairla\/?p=667"},"modified":"2017-10-11T10:09:54","modified_gmt":"2017-10-11T09:09:54","slug":"presentacio-de-la-vuitena-caixa-de-dory-sontheimer","status":"publish","type":"post","link":"https:\/\/irla.cat\/casairla\/2017\/10\/11\/presentacio-de-la-vuitena-caixa-de-dory-sontheimer\/","title":{"rendered":"Presentaci\u00f3 de &#8220;La vuitena caixa&#8221; de Dory Sontheimer"},"content":{"rendered":"<p>Dissabte 21 d&#8217;octubre a les 19:00h es far\u00e0 la presentaci\u00f3 del llibre\u00a0&#8220;La vuitena caixa&#8221; de Dory Sontheimer.<\/p>\n<p><!--more--><\/p>\n<p>Dory Sontheimer va descobrir a casa seva set caixes amb fotografies, cartes, passaports i altres documents que li revelaven la seva identitat jueva i la dram\u00e0tica hist\u00f2ria de la seva fam\u00edlia, v\u00edctima de la persecuci\u00f3 nazi.<\/p>\n<p>Ho va explicar a\u00a0Les set caixes, un llibre inoblidable que va estar a la llista de m\u00e9s venuts durant setmanes, i despr\u00e9s va continuar investigant arreu del m\u00f3n per saber m\u00e9s sobre el seu passat i la seva fam\u00edlia. Ara a\u00a0La vuitena caixa\u00a0ha reconstru\u00eft els itineraris vitals de cinc nens de la fam\u00edlia \u2014Catherine, Peter, Michael, Pavel i Tommy\u2014 que, atrapats en un dels per\u00edodes m\u00e9s vergonyants per a la Humanitat, van tenir destins diferents en la tr\u00e0gica ruleta de la vida i la mort.<\/p>\n<p>Despr\u00e9s de l\u2019\u00e8xit de &#8220;Les set caixes&#8221;, Dory Sontheimer ens torna a emocionar, ara recreant la hist\u00f2ria i el dest\u00ed dels nens de la seva fam\u00edlia, gr\u00e0cies a la seva escriptura sincera i commovedora. Perqu\u00e8 el sofriment de milions de v\u00edctimes no s\u2019oblidi.<\/p>\n<p>Nascuda a Barcelona el 1946,\u00a0Dory Sontheimer \u00e9s llicenciada en farm\u00e0cia i \u00f2ptica per la Universitat de Barcelona i graduada en PDG per IESE Business School. Des del 2007 cursa estudis d\u2019hist\u00f2ria contempor\u00e0nia i de narrativa. Arran de l\u2019\u00e8xit de\u00a0Les set caixes\u00a0(2014), un aut\u00e8ntic fenomen de vendres i amb gran repercussi\u00f3 als mitjans, ha impartit m\u00e9s de setanta confer\u00e8ncies en auditoris tan destacats com el Palau de la Generalitat, la Universitat Humboldt de Berl\u00edn, el Goethe Institut de Friburg o la Universitat de Barcelona.<\/p>\n<p>La vuitena caixa\u00a0\u00e9s el seu segon llibre.<\/p>\n<p>La presentaci\u00f3 anir\u00e0 a c\u00e0rrec de Josep Murl\u00e0<\/p>\n<p>&nbsp;<\/p>\n<p>&nbsp;<\/p>\n","protected":false},"excerpt":{"rendered":"<p>Dissabte 21 d&#8217;octubre a les 19:00h es far\u00e0 la presentaci\u00f3 del llibre\u00a0&#8220;La vuitena caixa&#8221; de Dory Sontheimer.<\/p>\n","protected":false},"author":1,"featured_media":668,"comment_status":"open","ping_status":"open","sticky":false,"template":"template-centered.php","format":"standard","meta":{"footnotes":""},"categories":[1],"tags":[],"class_list":["post-667","post","type-post","status-publish","format-standard","has-post-thumbnail","hentry","category-general"],"_links":{"self":[{"href":"https:\/\/irla.cat\/casairla\/wp-json\/wp\/v2\/posts\/667","targetHints":{"allow":["GET"]}}],"collection":[{"href":"https:\/\/irla.cat\/casairla\/wp-json\/wp\/v2\/posts"}],"about":[{"href":"https:\/\/irla.cat\/casairla\/wp-json\/wp\/v2\/types\/post"}],"author":[{"embeddable":true,"href":"https:\/\/irla.cat\/casairla\/wp-json\/wp\/v2\/users\/1"}],"replies":[{"embeddable":true,"href":"https:\/\/irla.cat\/casairla\/wp-json\/wp\/v2\/comments?post=667"}],"version-history":[{"count":3,"href":"https:\/\/irla.cat\/casairla\/wp-json\/wp\/v2\/posts\/667\/revisions"}],"predecessor-version":[{"id":671,"href":"https:\/\/irla.cat\/casairla\/wp-json\/wp\/v2\/posts\/667\/revisions\/671"}],"wp:featuredmedia":[{"embeddable":true,"href":"https:\/\/irla.cat\/casairla\/wp-json\/wp\/v2\/media\/668"}],"wp:attachment":[{"href":"https:\/\/irla.cat\/casairla\/wp-json\/wp\/v2\/media?parent=667"}],"wp:term":[{"taxonomy":"category","embeddable":true,"href":"https:\/\/irla.cat\/casairla\/wp-json\/wp\/v2\/categories?post=667"},{"taxonomy":"post_tag","embeddable":true,"href":"https:\/\/irla.cat\/casairla\/wp-json\/wp\/v2\/tags?post=667"}],"curies":[{"name":"wp","href":"https:\/\/api.w.org\/{rel}","templated":true}]}}