{"id":657,"date":"2017-10-09T10:00:35","date_gmt":"2017-10-09T09:00:35","guid":{"rendered":"http:\/\/www.irla.cat\/casairla\/?p=657"},"modified":"2017-10-11T10:03:17","modified_gmt":"2017-10-11T09:03:17","slug":"el-noi-saltador-i-la-reina-dels-guardians-rosseso-es-va-presentacio","status":"publish","type":"post","link":"https:\/\/irla.cat\/casairla\/2017\/10\/09\/el-noi-saltador-i-la-reina-dels-guardians-rosseso-es-va-presentacio\/","title":{"rendered":"\u201cEl noi saltador i la reina dels guardians rossos\u201d es va presentar a la Casa Irla"},"content":{"rendered":"<p>El passat dissabte 7 d&#8217;octubre es va presentar el llibre\u00a0&#8220;El noi saltador i la reina dels guardians rossos&#8221;<\/p>\n<p><!--more--><\/p>\n<p>La presentaci\u00f3 va anar c\u00e0rrec de la historiadora de l&#8217;art Cristina Ribot i la regidora de l&#8217;Ajuntament de Sant Feliu de Gu\u00edxols Fina Cosp.<\/p>\n<p>L&#8217;autor Pere Parramon va parlar sobre el seu llibre i el va definir com un relat sobre la necessitat de sentir-nos acompanyats i com l\u0092&#8217;art, els textos i la m\u00fasica poden convertir-se en veritables amics. Tot arrossegant els boscos i els contes explicats a la vora del foc&#8221;<\/p>\n<p>Reflexions a l\u2019entorn de la hist\u00f2ria de l\u2019art, pistes sobre les complexitats d\u2019un moment hist\u00f2ric ben particular i un cant al valor de l\u2019amistat en una novel\u00b7la que oscil\u00b7la entre el retrat intimista i la fantasia per tal que aquells que s\u2019hi endinsen puguin trobar-hi, com el mateix Noi saltador, una habitaci\u00f3 pr\u00f2pia.<\/p>\n<p>\u00abLa poesia, els contes, la pintura, l\u2019escultura, el piano&#8230; tot aix\u00f2 serveix per establir vincles amb el m\u00f3n, per sentir que fora de nosaltres mateixos hi ha alg\u00fa m\u00e9s, per entendre que ni estem sols ni hem de perdre l\u2019esperan\u00e7a a poder ser alg\u00fa.\u00bb<\/p>\n<p><img loading=\"lazy\" decoding=\"async\" class=\"alignleft wp-image-662 size-full\" src=\"http:\/\/www.irla.cat\/casairla\/wp-content\/uploads\/2017\/10\/Presentacio\u0301-noi-saltador-02.jpg\" alt=\"\" width=\"350\" height=\"250\" srcset=\"https:\/\/irla.cat\/casairla\/wp-content\/uploads\/2017\/10\/Presentacio\u0301-noi-saltador-02.jpg 350w, https:\/\/irla.cat\/casairla\/wp-content\/uploads\/2017\/10\/Presentacio\u0301-noi-saltador-02-300x214.jpg 300w\" sizes=\"auto, (max-width: 350px) 100vw, 350px\" \/> <img loading=\"lazy\" decoding=\"async\" class=\"alignleft wp-image-663 size-full\" src=\"http:\/\/www.irla.cat\/casairla\/wp-content\/uploads\/2017\/10\/Presentacio\u0301-noi-saltador-03.jpg\" alt=\"\" width=\"350\" height=\"250\" srcset=\"https:\/\/irla.cat\/casairla\/wp-content\/uploads\/2017\/10\/Presentacio\u0301-noi-saltador-03.jpg 350w, https:\/\/irla.cat\/casairla\/wp-content\/uploads\/2017\/10\/Presentacio\u0301-noi-saltador-03-300x214.jpg 300w\" sizes=\"auto, (max-width: 350px) 100vw, 350px\" \/><\/p>\n<p>&nbsp;<\/p>\n","protected":false},"excerpt":{"rendered":"<p>El passat dissabte 7 d&#8217;octubre es va presentar el llibre\u00a0&#8220;El noi saltador i la reina dels guardians rossos&#8221;<\/p>\n","protected":false},"author":1,"featured_media":658,"comment_status":"open","ping_status":"open","sticky":false,"template":"template-centered.php","format":"standard","meta":{"footnotes":""},"categories":[1],"tags":[],"class_list":["post-657","post","type-post","status-publish","format-standard","has-post-thumbnail","hentry","category-general"],"_links":{"self":[{"href":"https:\/\/irla.cat\/casairla\/wp-json\/wp\/v2\/posts\/657","targetHints":{"allow":["GET"]}}],"collection":[{"href":"https:\/\/irla.cat\/casairla\/wp-json\/wp\/v2\/posts"}],"about":[{"href":"https:\/\/irla.cat\/casairla\/wp-json\/wp\/v2\/types\/post"}],"author":[{"embeddable":true,"href":"https:\/\/irla.cat\/casairla\/wp-json\/wp\/v2\/users\/1"}],"replies":[{"embeddable":true,"href":"https:\/\/irla.cat\/casairla\/wp-json\/wp\/v2\/comments?post=657"}],"version-history":[{"count":5,"href":"https:\/\/irla.cat\/casairla\/wp-json\/wp\/v2\/posts\/657\/revisions"}],"predecessor-version":[{"id":666,"href":"https:\/\/irla.cat\/casairla\/wp-json\/wp\/v2\/posts\/657\/revisions\/666"}],"wp:featuredmedia":[{"embeddable":true,"href":"https:\/\/irla.cat\/casairla\/wp-json\/wp\/v2\/media\/658"}],"wp:attachment":[{"href":"https:\/\/irla.cat\/casairla\/wp-json\/wp\/v2\/media?parent=657"}],"wp:term":[{"taxonomy":"category","embeddable":true,"href":"https:\/\/irla.cat\/casairla\/wp-json\/wp\/v2\/categories?post=657"},{"taxonomy":"post_tag","embeddable":true,"href":"https:\/\/irla.cat\/casairla\/wp-json\/wp\/v2\/tags?post=657"}],"curies":[{"name":"wp","href":"https:\/\/api.w.org\/{rel}","templated":true}]}}