{"id":648,"date":"2017-09-25T10:12:45","date_gmt":"2017-09-25T09:12:45","guid":{"rendered":"http:\/\/www.irla.cat\/casairla\/?p=648"},"modified":"2017-10-11T10:00:55","modified_gmt":"2017-10-11T09:00:55","slug":"presentacio-del-llibre-el-noi-saltador-i-la-reina-dels-guardians-rosseso","status":"publish","type":"post","link":"https:\/\/irla.cat\/casairla\/2017\/09\/25\/presentacio-del-llibre-el-noi-saltador-i-la-reina-dels-guardians-rosseso\/","title":{"rendered":"Presentaci\u00f3 del llibre &#8220;El noi saltador i la reina dels guardians rossos&#8221;"},"content":{"rendered":"<p>El proper dissabte dia 7 d&#8217;octubre a les 19h presentem el llibre &#8220;El noi saltador i la reina dels guardians rossos&#8221; de Pere Parramon.<\/p>\n<p><!--more--><\/p>\n<p>Obrir\u00e0 l&#8217;acte Fina Cosp, regidora de l&#8217;Ajuntament de Sant Feliu de Gu\u00edxols, presentar\u00e0 Cristina Ribot, historiadora de l&#8217;art.<\/p>\n<p>Una casa senyorial a Collserola durant els anys trenta del segle xx i una habitaci\u00f3 que \u00e9s diferent de totes les altres. &#8220;La novel\u00b7la El noi saltador i la reina dels guardians rossos&#8221; n\u2019obre la porta per con\u00e8ixer el singular jovenet que l\u2019habita i convidar els lectors a compartir amb ell les piles de llibres que llegeix, la m\u00fasica que escolta i l\u2019art que contempla.<\/p>\n<p>Un cop a dins, en descobriran la intriga que l\u2019envolta, com tamb\u00e9 els secrets d\u2019aquells que entren i surten de la cambra, siguin la bella i aristocr\u00e0tica mam\u00e0 alemanya, la majordoma que porta misteriosos regals del bosc, o l\u2019inesperat senyor Hans que d\u00f3na vida als contes dels germans Grimm.<\/p>\n<p>Reflexions a l\u2019entorn de la hist\u00f2ria de l\u2019art, pistes sobre les complexitats d\u2019un moment hist\u00f2ric ben particular i un cant al valor de l\u2019amistat en una novel\u00b7la que oscil\u00b7la entre el retrat intimista i la fantasia per tal que aquells que s\u2019hi endinsen puguin trobar-hi, com el mateix Noi saltador, una habitaci\u00f3 pr\u00f2pia. \u00abLa poesia, els contes, la pintura, l\u2019escultura, el piano&#8230; tot aix\u00f2 serveix per establir vincles amb el m\u00f3n, per sentir que fora de nosaltres mateixos hi ha alg\u00fa m\u00e9s, per entendre que ni estem sols ni hem de perdre l\u2019esperan\u00e7a a poder ser alg\u00fa.\u00bb<\/p>\n<p>En col\u00b7laboraci\u00f3 amb la llibreria La Guineu.<\/p>\n<p>Entrada lliure i gratu\u00efta.<\/p>\n<p><img loading=\"lazy\" decoding=\"async\" class=\"alignleft wp-image-650 size-large\" src=\"http:\/\/www.irla.cat\/casairla\/wp-content\/uploads\/2017\/09\/PERE-PARRAMON-PORTADA-800x1024.jpg\" alt=\"\" width=\"800\" height=\"1024\" srcset=\"https:\/\/irla.cat\/casairla\/wp-content\/uploads\/2017\/09\/PERE-PARRAMON-PORTADA-800x1024.jpg 800w, https:\/\/irla.cat\/casairla\/wp-content\/uploads\/2017\/09\/PERE-PARRAMON-PORTADA-234x300.jpg 234w, https:\/\/irla.cat\/casairla\/wp-content\/uploads\/2017\/09\/PERE-PARRAMON-PORTADA-768x983.jpg 768w, https:\/\/irla.cat\/casairla\/wp-content\/uploads\/2017\/09\/PERE-PARRAMON-PORTADA.jpg 2036w\" sizes=\"auto, (max-width: 800px) 100vw, 800px\" \/><\/p>\n","protected":false},"excerpt":{"rendered":"<p>El proper dissabte dia 7 d&#8217;octubre a les 19h presentem el llibre &#8220;El noi saltador i la reina dels guardians<\/p>\n","protected":false},"author":1,"featured_media":653,"comment_status":"open","ping_status":"open","sticky":false,"template":"template-centered.php","format":"standard","meta":{"footnotes":""},"categories":[1],"tags":[],"class_list":["post-648","post","type-post","status-publish","format-standard","has-post-thumbnail","hentry","category-general"],"_links":{"self":[{"href":"https:\/\/irla.cat\/casairla\/wp-json\/wp\/v2\/posts\/648","targetHints":{"allow":["GET"]}}],"collection":[{"href":"https:\/\/irla.cat\/casairla\/wp-json\/wp\/v2\/posts"}],"about":[{"href":"https:\/\/irla.cat\/casairla\/wp-json\/wp\/v2\/types\/post"}],"author":[{"embeddable":true,"href":"https:\/\/irla.cat\/casairla\/wp-json\/wp\/v2\/users\/1"}],"replies":[{"embeddable":true,"href":"https:\/\/irla.cat\/casairla\/wp-json\/wp\/v2\/comments?post=648"}],"version-history":[{"count":5,"href":"https:\/\/irla.cat\/casairla\/wp-json\/wp\/v2\/posts\/648\/revisions"}],"predecessor-version":[{"id":660,"href":"https:\/\/irla.cat\/casairla\/wp-json\/wp\/v2\/posts\/648\/revisions\/660"}],"wp:featuredmedia":[{"embeddable":true,"href":"https:\/\/irla.cat\/casairla\/wp-json\/wp\/v2\/media\/653"}],"wp:attachment":[{"href":"https:\/\/irla.cat\/casairla\/wp-json\/wp\/v2\/media?parent=648"}],"wp:term":[{"taxonomy":"category","embeddable":true,"href":"https:\/\/irla.cat\/casairla\/wp-json\/wp\/v2\/categories?post=648"},{"taxonomy":"post_tag","embeddable":true,"href":"https:\/\/irla.cat\/casairla\/wp-json\/wp\/v2\/tags?post=648"}],"curies":[{"name":"wp","href":"https:\/\/api.w.org\/{rel}","templated":true}]}}