{"id":643,"date":"2017-09-19T16:18:05","date_gmt":"2017-09-19T15:18:05","guid":{"rendered":"http:\/\/www.irla.cat\/casairla\/?p=643"},"modified":"2017-09-19T16:19:02","modified_gmt":"2017-09-19T15:19:02","slug":"presentacio-del-llibre-rua-de-captius","status":"publish","type":"post","link":"https:\/\/irla.cat\/casairla\/2017\/09\/19\/presentacio-del-llibre-rua-de-captius\/","title":{"rendered":"Presentaci\u00f3 del llibre &#8220;Rua de captius&#8221; de Francesc Grau i Viader"},"content":{"rendered":"<p>El proper dissabte dia 23 de setembre a les 19 h presentem el llibre &#8220;Rua de captius&#8221; de Francesc Grau i Viader. Intervindr\u00e0 com a ponent el Sr. Antoni Puigverd.<\/p>\n<p><!--more--><\/p>\n<p>L\u2019Espanya de Franco va ser un dels estats m\u00e9s rics d\u2019Europa en camps de concentraci\u00f3 i tanmateix el franquisme no ha estat equiparat als totalitarismes del segle XX. La desproporci\u00f3 entre el nombre de persones tancades en camps (centenars de milers) i el nombre d\u2019escrits que ho recullen (els dits d\u2019una m\u00e0) diu amb eloq\u00fc\u00e8ncia els resultats morals de la deportaci\u00f3.<\/p>\n<p>El llibre de Francesc Grau i Viader, publicat per primera vegada el 1981 poc despr\u00e9s del \u201ctejerazo\u201d, no sols trenca aquesta ocultaci\u00f3 col\u00b7lectiva sin\u00f3 que resitua la nostra hist\u00f2ria dins la hist\u00f2ria dels terrors europeus. Llegir-lo ens porta a incorporar el nostre present dins una genealogia que n\u2019explica potser molts aspectes \u2014com \u00e9s ara, la impot\u00e8ncia d\u2019una societat sencera davant l\u2019ab\u00fas del poder.<\/p>\n<p>\u201cLes enormes matrius dels camps de concentraci\u00f3 havien tingut l\u2019efic\u00e0cia de gestar una generaci\u00f3 d\u2019homes moralment castrats, de parir una muni\u00f3 de criatures f\u00edsicament acovardides i disposades a acceptar totes les humiliacions sense un sol crit de protesta\u201d, escriu Francesc Grau i Viader ran de la seva experi\u00e8ncia al camp de concentraci\u00f3 de Miranda de Ebro. \u00c9s per excloure aquest gen de l\u2019her\u00e8ncia de les generacions futures que va ser escrit Rua de captius.<\/p>\n<p>Dissabte 23 de setembre, a les 19 h<br \/>\nRua de captius<br \/>\nFrancesc Grau i Viader, ponent Sr. Antoni Puigverd<\/p>\n<p>&nbsp;<\/p>\n","protected":false},"excerpt":{"rendered":"<p>El proper dissabte dia 23 de setembre a les 19 h presentem el llibre &#8220;Rua de captius&#8221; de Francesc Grau<\/p>\n","protected":false},"author":1,"featured_media":644,"comment_status":"open","ping_status":"open","sticky":false,"template":"template-centered.php","format":"standard","meta":{"footnotes":""},"categories":[1],"tags":[],"class_list":["post-643","post","type-post","status-publish","format-standard","has-post-thumbnail","hentry","category-general"],"_links":{"self":[{"href":"https:\/\/irla.cat\/casairla\/wp-json\/wp\/v2\/posts\/643","targetHints":{"allow":["GET"]}}],"collection":[{"href":"https:\/\/irla.cat\/casairla\/wp-json\/wp\/v2\/posts"}],"about":[{"href":"https:\/\/irla.cat\/casairla\/wp-json\/wp\/v2\/types\/post"}],"author":[{"embeddable":true,"href":"https:\/\/irla.cat\/casairla\/wp-json\/wp\/v2\/users\/1"}],"replies":[{"embeddable":true,"href":"https:\/\/irla.cat\/casairla\/wp-json\/wp\/v2\/comments?post=643"}],"version-history":[{"count":3,"href":"https:\/\/irla.cat\/casairla\/wp-json\/wp\/v2\/posts\/643\/revisions"}],"predecessor-version":[{"id":647,"href":"https:\/\/irla.cat\/casairla\/wp-json\/wp\/v2\/posts\/643\/revisions\/647"}],"wp:featuredmedia":[{"embeddable":true,"href":"https:\/\/irla.cat\/casairla\/wp-json\/wp\/v2\/media\/644"}],"wp:attachment":[{"href":"https:\/\/irla.cat\/casairla\/wp-json\/wp\/v2\/media?parent=643"}],"wp:term":[{"taxonomy":"category","embeddable":true,"href":"https:\/\/irla.cat\/casairla\/wp-json\/wp\/v2\/categories?post=643"},{"taxonomy":"post_tag","embeddable":true,"href":"https:\/\/irla.cat\/casairla\/wp-json\/wp\/v2\/tags?post=643"}],"curies":[{"name":"wp","href":"https:\/\/api.w.org\/{rel}","templated":true}]}}