{"id":636,"date":"2017-08-28T10:04:47","date_gmt":"2017-08-28T09:04:47","guid":{"rendered":"http:\/\/www.irla.cat\/casairla\/?p=636"},"modified":"2017-08-28T10:05:29","modified_gmt":"2017-08-28T09:05:29","slug":"nova-temporada-cultural-amb-lexposicio-de-nabil-mrabet","status":"publish","type":"post","link":"https:\/\/irla.cat\/casairla\/2017\/08\/28\/nova-temporada-cultural-amb-lexposicio-de-nabil-mrabet\/","title":{"rendered":"Nova temporada cultural amb l&#8217;exposici\u00f3 de Nabil M&#8217;Rabet"},"content":{"rendered":"<p>El proper dissabte dia 2 de setembre a les 19h encetem nova temporada cultural a la Casa Irla.<\/p>\n<p><!--more--><\/p>\n<p>Aquesta nova temporada comen\u00e7ar\u00e0 amb la inauguraci\u00f3 l&#8217;exposici\u00f3 de Nabil M&#8217;Rabet.<\/p>\n<p>Klinguer \u00e9s un nom misteri\u00f3s que a la vegada \u00e9s molt clar. No significa res, per\u00f2 per en Nabil significa molt.<br \/>\nKlinguer esdev\u00e9 una actitud davant el fet intel\u00b7lectual.<\/p>\n<p>Accepta totes les tradicions tant de la cultura i l\u00b4art occidental i oriental, per\u00f2 les sobrepassa. Pot fer-ne bufa de les normes i convencions, per\u00f2 mai menysprear-les. No pot ni vol donar cap regla per la creaci\u00f3. Klinguer \u00e9s la llibertat i la follia de la creaci\u00f3.<\/p>\n<p>Per\u00f2 una llibertat que respecta. La forma i la paraula, el classicisme i la modernitat. \u00c9s el gaudir total de crear i compartir la creaci\u00f3. \u00c9s una posici\u00f3 personal i una proposta (Manifest).<\/p>\n<p>Klinguer \u00e9s un sol gest i \u00e9s tot un univers. Klinguer \u00e9s l\u00b4ombra que projecta l\u00b4art de Nabil M\u2019Rabet.<\/p>\n<p>Vernissatge el dissabte 2 de setembre a les 19:00h<\/p>\n<p><img loading=\"lazy\" decoding=\"async\" class=\"alignleft wp-image-638 size-large\" src=\"http:\/\/www.irla.cat\/casairla\/wp-content\/uploads\/2017\/08\/Nabil-MRabet-Casa-Irla-512x1024.jpg\" alt=\"\" width=\"512\" height=\"1024\" srcset=\"https:\/\/irla.cat\/casairla\/wp-content\/uploads\/2017\/08\/Nabil-MRabet-Casa-Irla-512x1024.jpg 512w, https:\/\/irla.cat\/casairla\/wp-content\/uploads\/2017\/08\/Nabil-MRabet-Casa-Irla-150x300.jpg 150w, https:\/\/irla.cat\/casairla\/wp-content\/uploads\/2017\/08\/Nabil-MRabet-Casa-Irla.jpg 596w\" sizes=\"auto, (max-width: 512px) 100vw, 512px\" \/><\/p>\n","protected":false},"excerpt":{"rendered":"<p>El proper dissabte dia 2 de setembre a les 19h encetem nova temporada cultural a la Casa Irla.<\/p>\n","protected":false},"author":1,"featured_media":637,"comment_status":"open","ping_status":"open","sticky":false,"template":"template-fullwidth.php","format":"standard","meta":{"footnotes":""},"categories":[1],"tags":[],"class_list":["post-636","post","type-post","status-publish","format-standard","has-post-thumbnail","hentry","category-general"],"_links":{"self":[{"href":"https:\/\/irla.cat\/casairla\/wp-json\/wp\/v2\/posts\/636","targetHints":{"allow":["GET"]}}],"collection":[{"href":"https:\/\/irla.cat\/casairla\/wp-json\/wp\/v2\/posts"}],"about":[{"href":"https:\/\/irla.cat\/casairla\/wp-json\/wp\/v2\/types\/post"}],"author":[{"embeddable":true,"href":"https:\/\/irla.cat\/casairla\/wp-json\/wp\/v2\/users\/1"}],"replies":[{"embeddable":true,"href":"https:\/\/irla.cat\/casairla\/wp-json\/wp\/v2\/comments?post=636"}],"version-history":[{"count":3,"href":"https:\/\/irla.cat\/casairla\/wp-json\/wp\/v2\/posts\/636\/revisions"}],"predecessor-version":[{"id":641,"href":"https:\/\/irla.cat\/casairla\/wp-json\/wp\/v2\/posts\/636\/revisions\/641"}],"wp:featuredmedia":[{"embeddable":true,"href":"https:\/\/irla.cat\/casairla\/wp-json\/wp\/v2\/media\/637"}],"wp:attachment":[{"href":"https:\/\/irla.cat\/casairla\/wp-json\/wp\/v2\/media?parent=636"}],"wp:term":[{"taxonomy":"category","embeddable":true,"href":"https:\/\/irla.cat\/casairla\/wp-json\/wp\/v2\/categories?post=636"},{"taxonomy":"post_tag","embeddable":true,"href":"https:\/\/irla.cat\/casairla\/wp-json\/wp\/v2\/tags?post=636"}],"curies":[{"name":"wp","href":"https:\/\/api.w.org\/{rel}","templated":true}]}}