{"id":633,"date":"2017-07-12T10:09:35","date_gmt":"2017-07-12T09:09:35","guid":{"rendered":"http:\/\/www.irla.cat\/casairla\/?p=633"},"modified":"2017-07-12T10:09:51","modified_gmt":"2017-07-12T09:09:51","slug":"cancellacio-de-la-presentacio-del-llibre-de-ferran-requejo","status":"publish","type":"post","link":"https:\/\/irla.cat\/casairla\/2017\/07\/12\/cancellacio-de-la-presentacio-del-llibre-de-ferran-requejo\/","title":{"rendered":"Cancel\u00b7laci\u00f3 de la presentaci\u00f3 del llibre de Ferran Requejo"},"content":{"rendered":"<p>Per malaltia de l&#8217;autor, la presentaci\u00f3 del llibre &#8220;El tren de les 17:14 Democr\u00e0cia, plurarlisme, benestar, independ\u00e8ncia&#8221; de Ferran Requejo, queda anul\u00b7lada.<\/p>\n<p><!--more--><\/p>\n<p>Properarent anunciarem la nota data de la presentaci\u00f3.<\/p>\n<p>Perdoneu les mol\u00e8sties<\/p>\n<p>&nbsp;<\/p>\n","protected":false},"excerpt":{"rendered":"<p>Per malaltia de l&#8217;autor, la presentaci\u00f3 del llibre &#8220;El tren de les 17:14 Democr\u00e0cia, plurarlisme, benestar, independ\u00e8ncia&#8221; de Ferran Requejo,<\/p>\n","protected":false},"author":1,"featured_media":630,"comment_status":"open","ping_status":"open","sticky":false,"template":"template-centered.php","format":"standard","meta":{"footnotes":""},"categories":[1],"tags":[],"class_list":["post-633","post","type-post","status-publish","format-standard","has-post-thumbnail","hentry","category-general"],"_links":{"self":[{"href":"https:\/\/irla.cat\/casairla\/wp-json\/wp\/v2\/posts\/633","targetHints":{"allow":["GET"]}}],"collection":[{"href":"https:\/\/irla.cat\/casairla\/wp-json\/wp\/v2\/posts"}],"about":[{"href":"https:\/\/irla.cat\/casairla\/wp-json\/wp\/v2\/types\/post"}],"author":[{"embeddable":true,"href":"https:\/\/irla.cat\/casairla\/wp-json\/wp\/v2\/users\/1"}],"replies":[{"embeddable":true,"href":"https:\/\/irla.cat\/casairla\/wp-json\/wp\/v2\/comments?post=633"}],"version-history":[{"count":1,"href":"https:\/\/irla.cat\/casairla\/wp-json\/wp\/v2\/posts\/633\/revisions"}],"predecessor-version":[{"id":634,"href":"https:\/\/irla.cat\/casairla\/wp-json\/wp\/v2\/posts\/633\/revisions\/634"}],"wp:featuredmedia":[{"embeddable":true,"href":"https:\/\/irla.cat\/casairla\/wp-json\/wp\/v2\/media\/630"}],"wp:attachment":[{"href":"https:\/\/irla.cat\/casairla\/wp-json\/wp\/v2\/media?parent=633"}],"wp:term":[{"taxonomy":"category","embeddable":true,"href":"https:\/\/irla.cat\/casairla\/wp-json\/wp\/v2\/categories?post=633"},{"taxonomy":"post_tag","embeddable":true,"href":"https:\/\/irla.cat\/casairla\/wp-json\/wp\/v2\/tags?post=633"}],"curies":[{"name":"wp","href":"https:\/\/api.w.org\/{rel}","templated":true}]}}