{"id":629,"date":"2017-07-03T09:03:48","date_gmt":"2017-07-03T08:03:48","guid":{"rendered":"http:\/\/www.irla.cat\/casairla\/?p=629"},"modified":"2017-07-03T09:03:48","modified_gmt":"2017-07-03T08:03:48","slug":"presentacio-del-llibre-el-tren-de-les-17-14-de-ferran-requejo","status":"publish","type":"post","link":"https:\/\/irla.cat\/casairla\/2017\/07\/03\/presentacio-del-llibre-el-tren-de-les-17-14-de-ferran-requejo\/","title":{"rendered":"Presentaci\u00f3 del llibre &#8220;El tren de les 17.14&#8221; de Ferran Requejo"},"content":{"rendered":"<p>El proper dissabte a les 19:00h es presentar\u00e0 a la Casa Irla el llibre &#8220;El tren de les 17.14 Democr\u00e0cia, pluralisme, benestar, independ\u00e8ncia&#8221; de Ferran Requejo.<\/p>\n<p><!--more--><\/p>\n<p>Aquest llibre es basa en les an\u00e0lisis sobre diferents aspectes que incideixen en l\u2019actual proc\u00e9s pol\u00edtic de Catalunya (2010-2017), tant en relaci\u00f3 amb la pr\u00e0ctica institucional de les democr\u00e0cies actuals com en relaci\u00f3 amb la teoria democr\u00e0tica sobre les relacions entre legalitat i legitimitat, drets individuals i drets col\u00b7lectius, democr\u00e0cia i estat de dret, o sobre la legitimitat de les secessions en sistemes liberal-democr\u00e0tics.<\/p>\n<p>El llibre est\u00e0 estructurat en quatre cap\u00edtols cronol\u00f2gics que recullen articles publicats en mitjans de comunicaci\u00f3, principalment a La Vanguardia i l\u2019Ara. Cadascun d\u2019aquests cap\u00edtols est\u00e0 precedit d\u2019un resum descriptiu dels principals fets del proc\u00e9s pol\u00edtic actual, incloent-hi un rep\u00e0s sint\u00e8tic de la pol\u00edtica internacional del per\u00edode. Unes cites de Shakespeare que recorren el llibre ens recorden que en pol\u00edtica conv\u00e9 no quedar atrapats en els laberints de les abstraccions, sin\u00f3 analitzar<\/p>\n<p>sempre els casos concrets, especialment per la informaci\u00f3 emp\u00edrica i moral diferenciada que arrossega cadascun (hist\u00f2ria, aspectes institucionals, cultura pol\u00edtica, context internacional, etc)<\/p>\n","protected":false},"excerpt":{"rendered":"<p>El proper dissabte a les 19:00h es presentar\u00e0 a la Casa Irla el llibre &#8220;El tren de les 17.14 Democr\u00e0cia,<\/p>\n","protected":false},"author":1,"featured_media":630,"comment_status":"open","ping_status":"open","sticky":false,"template":"template-centered.php","format":"standard","meta":{"footnotes":""},"categories":[1],"tags":[],"class_list":["post-629","post","type-post","status-publish","format-standard","has-post-thumbnail","hentry","category-general"],"_links":{"self":[{"href":"https:\/\/irla.cat\/casairla\/wp-json\/wp\/v2\/posts\/629","targetHints":{"allow":["GET"]}}],"collection":[{"href":"https:\/\/irla.cat\/casairla\/wp-json\/wp\/v2\/posts"}],"about":[{"href":"https:\/\/irla.cat\/casairla\/wp-json\/wp\/v2\/types\/post"}],"author":[{"embeddable":true,"href":"https:\/\/irla.cat\/casairla\/wp-json\/wp\/v2\/users\/1"}],"replies":[{"embeddable":true,"href":"https:\/\/irla.cat\/casairla\/wp-json\/wp\/v2\/comments?post=629"}],"version-history":[{"count":1,"href":"https:\/\/irla.cat\/casairla\/wp-json\/wp\/v2\/posts\/629\/revisions"}],"predecessor-version":[{"id":631,"href":"https:\/\/irla.cat\/casairla\/wp-json\/wp\/v2\/posts\/629\/revisions\/631"}],"wp:featuredmedia":[{"embeddable":true,"href":"https:\/\/irla.cat\/casairla\/wp-json\/wp\/v2\/media\/630"}],"wp:attachment":[{"href":"https:\/\/irla.cat\/casairla\/wp-json\/wp\/v2\/media?parent=629"}],"wp:term":[{"taxonomy":"category","embeddable":true,"href":"https:\/\/irla.cat\/casairla\/wp-json\/wp\/v2\/categories?post=629"},{"taxonomy":"post_tag","embeddable":true,"href":"https:\/\/irla.cat\/casairla\/wp-json\/wp\/v2\/tags?post=629"}],"curies":[{"name":"wp","href":"https:\/\/api.w.org\/{rel}","templated":true}]}}